{"id":6206,"date":"2024-11-21T16:05:12","date_gmt":"2024-11-21T15:05:12","guid":{"rendered":"https:\/\/educaedtech.com\/?p=6206"},"modified":"2024-11-21T16:35:53","modified_gmt":"2024-11-21T15:35:53","slug":"educa-edtech-group-lanza-su-primer-brand-manifesto","status":"publish","type":"post","link":"https:\/\/educaedtech.com\/de\/noticias\/educa-edtech-group-celebra-el-lanzamiento-de-su-primer-brand-manifesto-el-saber-no-necesita-lugar\/","title":{"rendered":"Die EDUCA EDTECH Group feiert die Einf\u00fchrung ihres ersten Markenmanifests: \"Wissen braucht keinen Platz\"."},"content":{"rendered":"<p>Anl\u00e4sslich ihres 20-j\u00e4hrigen Bestehens im Jahr 2025, <strong>EDUCA EDTECH-Gruppe<\/strong>, <a href=\"https:\/\/educaedtech.com\/de\/noticias\/educa-edtech-group-erhalt-den-adispo-academic-innovation-award-zu-seinem-10-jahrigen-jubilaum\/\"><strong>Technologiekonzern<\/strong><\/a> - f\u00fchrender Online-Bildungsanbieter in Spanien und Lateinamerika, pr\u00e4sentiert seine erste <strong>Marken-Manifest<\/strong>Die neue Website ist ein inspirierendes Statement, das das Ziel der Demokratisierung hochwertiger Online-Bildung unterstreicht. Unter dem Slogan <strong>\"Sie sagen, dass Wissen keinen Platz braucht. Wir sagen, dass Wissen keinen Platz braucht\".<\/strong>Das Unternehmen lanciert eine ehrgeizige Markenkampagne, die die Emotionen von Millionen von Studenten und Berufst\u00e4tigen ansprechen soll.<\/p>\n\n\n\n<figure class=\"wp-block-embed is-type-video is-provider-youtube wp-block-embed-youtube wp-embed-aspect-16-9 wp-has-aspect-ratio\"><div class=\"wp-block-embed__wrapper\">\n<div class=\"ast-oembed-container\" style=\"height: 100%;\"><iframe title=\"EDUCA EDTECH Group | Markenmanifest 2024\" width=\"500\" height=\"281\" src=\"https:\/\/www.youtube.com\/embed\/7OEejYafdN4?feature=oembed\" frameborder=\"0\" allow=\"accelerometer; autoplay; clipboard-write; encrypted-media; gyroscope; picture-in-picture; web-share\" referrerpolicy=\"strict-origin-when-cross-origin\" allowfullscreen><\/iframe><\/div>\n<\/div><\/figure>\n\n\n\n<p>Das Herzst\u00fcck dieser Kampagne ist ein inspirierendes Video, das \u00fcber mehrere digitale Plattformen, einschlie\u00dflich sozialer Medien, Medien und Werbefl\u00e4chen, ver\u00f6ffentlicht wird. Dieser Start markiert nicht nur einen Meilenstein in der Geschichte der <strong>EDUCA EDTECH-Gruppe<\/strong>Sie legt auch den Grundstein f\u00fcr eine neue Etappe in ihrer Kommunikationsstrategie, die n\u00e4her und emotionaler ist.<\/p>\n\n\n\n<h2 class=\"wp-block-heading has-medium-font-size\"><strong>20 Jahre f\u00fchrende Rolle bei der Umgestaltung des Bildungswesens<\/strong><\/h2>\n\n\n\n<p><br>Seit ihrer Gr\u00fcndung setzt sich die EDUCA EDTECH Group daf\u00fcr ein, dass Online-Bildung zu einem Recht wird. Im Laufe von zwei Jahrzehnten hat ihr Modell Grenzen \u00fcberwunden, sich in den europ\u00e4ischen L\u00e4ndern konsolidiert und sich auf Lateinamerika ausgedehnt, mit Niederlassungen in <strong>Mexiko, Kolumbien und Peru<\/strong>.<\/p>\n\n\n\n<p>Die Gruppe, zu der f\u00fchrende Marken wie <strong>INESEM, Euroinnova, INEAF, Structuralia, Capman, CEUPE, Educa Open, INESALUD und die Universit\u00e4t UDAVINCI.<\/strong>positioniert sich weiterhin als einer der weltweit f\u00fchrenden Anbieter von <strong><a href=\"https:\/\/educaedtech.com\/de\/noticias\/educa-edtech-group-institutionen-in-weltrangliste-anerkannt\/\">Referenz in der Online-Schulung<\/a> <\/strong>und in der technologischen Innovation im Bildungswesen.<\/p>\n\n\n\n<h2 class=\"wp-block-heading has-medium-font-size\"><strong>Ein menschlicherer und ehrgeizigerer Ansatz<\/strong><\/h2>\n\n\n\n<p><br>F\u00fcr <strong>Rafael Garc\u00eda Parrado<\/strong>EDUCA EDTECH Group CEO, ist dieses Manifest Ausdruck einer neuen Richtung in der Kommunikation der Gruppe:<\/p>\n\n\n\n<p><em>\"Es war an der Zeit, einen Schritt nach vorne zu machen und die Kommunikation und das Branding aus einer emotionaleren Perspektive zu betrachten, um eine Verbindung zu unseren Zielgruppen herzustellen - von Menschen, die sich durch Bildung weiterentwickeln wollen, bis hin zu Unternehmen und Bildungseinrichtungen, die sich auf unser Wissen, unsere digitalen Plattformen und Innovationen im Bereich der k\u00fcnstlichen Intelligenz verlassen.<\/em><\/p>\n\n\n\n<p><strong>Jaime Mart\u00edn Mart\u00edn<\/strong>Die symbolische Bedeutung dieser Erkl\u00e4rung wird vom Manager f\u00fcr Kommunikation und Markenbildung hervorgehoben:<\/p>\n\n\n\n<p><em>\"Das sind alles materielle Dinge, aber wir hatten das Gef\u00fchl, dass die Gruppe und ihre Marken ihre Botschaften in ein st\u00e4rkeres, emotionales Gebiet verlagern mussten. Dieses Markenmanifest ist unsere Absichtserkl\u00e4rung, unser Kompliment an die Millionen von Studenten, die sich jeden Tag auf uns verlassen, um sich weiterzubilden und sich in ihrem Leben und ihrer Karriere zu verbessern\".<\/em><\/p>\n\n\n\n<p>Mit diesem <strong>Marken-Manifest<\/strong>Die EDUCA EDTECH Group feiert zwei Jahrzehnte der<strong> Innovation und F\u00fchrung<\/strong> im Bereich der Online-Bildung und bekr\u00e4ftigt damit ihr Engagement f\u00fcr das Lernen als grenzenloses Instrument, das Leben ver\u00e4ndert und zur beruflichen Zukunft von immer mehr Studierenden beitr\u00e4gt.<\/p>\n\n\n\n<p><\/p>","protected":false},"excerpt":{"rendered":"<p>Anl\u00e4sslich ihres 20-j\u00e4hrigen Bestehens im Jahr 2025 hat die EDUCA EDTECH Group, die f\u00fchrende Technologie-Bildungsgruppe im Bereich der Online-Ausbildung in [...]<\/p>","protected":false},"author":2,"featured_media":6207,"comment_status":"closed","ping_status":"closed","sticky":false,"template":"","format":"standard","meta":{"_acf_changed":false,"site-sidebar-layout":"default","site-content-layout":"","ast-site-content-layout":"","site-content-style":"default","site-sidebar-style":"default","ast-global-header-display":"","ast-banner-title-visibility":"","ast-main-header-display":"","ast-hfb-above-header-display":"","ast-hfb-below-header-display":"","ast-hfb-mobile-header-display":"","site-post-title":"","ast-breadcrumbs-content":"","ast-featured-img":"","footer-sml-layout":"","theme-transparent-header-meta":"","adv-header-id-meta":"","stick-header-meta":"","header-above-stick-meta":"","header-main-stick-meta":"","header-below-stick-meta":"","astra-migrate-meta-layouts":"default","ast-page-background-enabled":"default","ast-page-background-meta":{"desktop":{"background-color":"var(--ast-global-color-4)","background-image":"","background-repeat":"repeat","background-position":"center center","background-size":"auto","background-attachment":"scroll","background-type":"","background-media":"","overlay-type":"","overlay-color":"","overlay-opacity":"","overlay-gradient":""},"tablet":{"background-color":"","background-image":"","background-repeat":"repeat","background-position":"center center","background-size":"auto","background-attachment":"scroll","background-type":"","background-media":"","overlay-type":"","overlay-color":"","overlay-opacity":"","overlay-gradient":""},"mobile":{"background-color":"","background-image":"","background-repeat":"repeat","background-position":"center center","background-size":"auto","background-attachment":"scroll","background-type":"","background-media":"","overlay-type":"","overlay-color":"","overlay-opacity":"","overlay-gradient":""}},"ast-content-background-meta":{"desktop":{"background-color":"var(--ast-global-color-5)","background-image":"","background-repeat":"repeat","background-position":"center center","background-size":"auto","background-attachment":"scroll","background-type":"","background-media":"","overlay-type":"","overlay-color":"","overlay-opacity":"","overlay-gradient":""},"tablet":{"background-color":"var(--ast-global-color-5)","background-image":"","background-repeat":"repeat","background-position":"center center","background-size":"auto","background-attachment":"scroll","background-type":"","background-media":"","overlay-type":"","overlay-color":"","overlay-opacity":"","overlay-gradient":""},"mobile":{"background-color":"var(--ast-global-color-5)","background-image":"","background-repeat":"repeat","background-position":"center center","background-size":"auto","background-attachment":"scroll","background-type":"","background-media":"","overlay-type":"","overlay-color":"","overlay-opacity":"","overlay-gradient":""}},"footnotes":""},"categories":[1],"tags":[],"class_list":["post-6206","post","type-post","status-publish","format-standard","has-post-thumbnail","hentry","category-sin-categoria"],"acf":[],"yoast_head":"<!-- This site is optimized with the Yoast SEO plugin v23.4 - https:\/\/yoast.com\/wordpress\/plugins\/seo\/ -->\n<title>EDUCA EDTECH Group lanza su primer Brand Manifesto<\/title>\n<meta name=\"description\" content=\"Con motivo de su 20 aniversario en 2025, EDUCA EDTECH Group, grupo tecnol\u00f3gico \u2013 educativo, presenta su primer Brand Manifesto\" \/>\n<meta name=\"robots\" content=\"index, follow, max-snippet:-1, max-image-preview:large, max-video-preview:-1\" \/>\n<link rel=\"canonical\" href=\"https:\/\/educaedtech.com\/de\/noticias\/educa-edtech-group-celebra-el-lanzamiento-de-su-primer-brand-manifesto-el-saber-no-necesita-lugar\/\" \/>\n<meta property=\"og:locale\" content=\"de_DE\" \/>\n<meta property=\"og:type\" content=\"article\" \/>\n<meta property=\"og:title\" content=\"EDUCA EDTECH Group lanza su primer Brand Manifesto\" \/>\n<meta property=\"og:description\" content=\"Con motivo de su 20 aniversario en 2025, EDUCA EDTECH Group, grupo tecnol\u00f3gico \u2013 educativo, presenta su primer Brand Manifesto\" \/>\n<meta property=\"og:url\" content=\"https:\/\/educaedtech.com\/de\/noticias\/educa-edtech-group-celebra-el-lanzamiento-de-su-primer-brand-manifesto-el-saber-no-necesita-lugar\/\" \/>\n<meta property=\"og:site_name\" content=\"Grupo EDUCA EDTECH\" \/>\n<meta property=\"article:published_time\" content=\"2024-11-21T15:05:12+00:00\" \/>\n<meta property=\"article:modified_time\" content=\"2024-11-21T15:35:53+00:00\" \/>\n<meta property=\"og:image\" content=\"https:\/\/educaedtech.com\/wp-content\/uploads\/2024\/11\/Together-our-future-is-bright.jpg\" \/>\n\t<meta property=\"og:image:width\" content=\"500\" \/>\n\t<meta property=\"og:image:height\" content=\"250\" \/>\n\t<meta property=\"og:image:type\" content=\"image\/jpeg\" \/>\n<meta name=\"author\" content=\"Bel\u00e9n Torres Ram\u00edrez\" \/>\n<meta name=\"twitter:card\" content=\"summary_large_image\" \/>\n<meta name=\"twitter:label1\" content=\"Verfasst von\" \/>\n\t<meta name=\"twitter:data1\" content=\"Bel\u00e9n Torres Ram\u00edrez\" \/>\n\t<meta name=\"twitter:label2\" content=\"Gesch\u00e4tzte Lesezeit\" \/>\n\t<meta name=\"twitter:data2\" content=\"3\u00a0Minuten\" \/>\n<script type=\"application\/ld+json\" class=\"yoast-schema-graph\">{\"@context\":\"https:\/\/schema.org\",\"@graph\":[{\"@type\":\"Article\",\"@id\":\"https:\/\/educaedtech.com\/de\/noticias\/educa-edtech-group-celebra-el-lanzamiento-de-su-primer-brand-manifesto-el-saber-no-necesita-lugar\/#article\",\"isPartOf\":{\"@id\":\"https:\/\/educaedtech.com\/de\/noticias\/educa-edtech-group-celebra-el-lanzamiento-de-su-primer-brand-manifesto-el-saber-no-necesita-lugar\/\"},\"author\":{\"name\":\"Bel\u00e9n Torres Ram\u00edrez\",\"@id\":\"https:\/\/educaedtech.com\/de\/#\/schema\/person\/8364e46cac6b40171c0f1f92ef54b5e1\"},\"headline\":\"EDUCA EDTECH Group celebra el lanzamiento de su primer Brand Manifesto: \u201cEl saber no necesita lugar\u201d\",\"datePublished\":\"2024-11-21T15:05:12+00:00\",\"dateModified\":\"2024-11-21T15:35:53+00:00\",\"mainEntityOfPage\":{\"@id\":\"https:\/\/educaedtech.com\/de\/noticias\/educa-edtech-group-celebra-el-lanzamiento-de-su-primer-brand-manifesto-el-saber-no-necesita-lugar\/\"},\"wordCount\":506,\"publisher\":{\"@id\":\"https:\/\/educaedtech.com\/de\/#organization\"},\"image\":{\"@id\":\"https:\/\/educaedtech.com\/de\/noticias\/educa-edtech-group-celebra-el-lanzamiento-de-su-primer-brand-manifesto-el-saber-no-necesita-lugar\/#primaryimage\"},\"thumbnailUrl\":\"https:\/\/educaedtech.com\/wp-content\/uploads\/2024\/11\/Together-our-future-is-bright.jpg\",\"articleSection\":[\"Sin categor\u00eda\"],\"inLanguage\":\"de\"},{\"@type\":\"WebPage\",\"@id\":\"https:\/\/educaedtech.com\/de\/noticias\/educa-edtech-group-celebra-el-lanzamiento-de-su-primer-brand-manifesto-el-saber-no-necesita-lugar\/\",\"url\":\"https:\/\/educaedtech.com\/de\/noticias\/educa-edtech-group-celebra-el-lanzamiento-de-su-primer-brand-manifesto-el-saber-no-necesita-lugar\/\",\"name\":\"EDUCA EDTECH Group lanza su primer Brand Manifesto\",\"isPartOf\":{\"@id\":\"https:\/\/educaedtech.com\/de\/#website\"},\"primaryImageOfPage\":{\"@id\":\"https:\/\/educaedtech.com\/de\/noticias\/educa-edtech-group-celebra-el-lanzamiento-de-su-primer-brand-manifesto-el-saber-no-necesita-lugar\/#primaryimage\"},\"image\":{\"@id\":\"https:\/\/educaedtech.com\/de\/noticias\/educa-edtech-group-celebra-el-lanzamiento-de-su-primer-brand-manifesto-el-saber-no-necesita-lugar\/#primaryimage\"},\"thumbnailUrl\":\"https:\/\/educaedtech.com\/wp-content\/uploads\/2024\/11\/Together-our-future-is-bright.jpg\",\"datePublished\":\"2024-11-21T15:05:12+00:00\",\"dateModified\":\"2024-11-21T15:35:53+00:00\",\"description\":\"Con motivo de su 20 aniversario en 2025, EDUCA EDTECH Group, grupo tecnol\u00f3gico \u2013 educativo, presenta su primer Brand Manifesto\",\"breadcrumb\":{\"@id\":\"https:\/\/educaedtech.com\/de\/noticias\/educa-edtech-group-celebra-el-lanzamiento-de-su-primer-brand-manifesto-el-saber-no-necesita-lugar\/#breadcrumb\"},\"inLanguage\":\"de\",\"potentialAction\":[{\"@type\":\"ReadAction\",\"target\":[\"https:\/\/educaedtech.com\/de\/noticias\/educa-edtech-group-celebra-el-lanzamiento-de-su-primer-brand-manifesto-el-saber-no-necesita-lugar\/\"]}]},{\"@type\":\"ImageObject\",\"inLanguage\":\"de\",\"@id\":\"https:\/\/educaedtech.com\/de\/noticias\/educa-edtech-group-celebra-el-lanzamiento-de-su-primer-brand-manifesto-el-saber-no-necesita-lugar\/#primaryimage\",\"url\":\"https:\/\/educaedtech.com\/wp-content\/uploads\/2024\/11\/Together-our-future-is-bright.jpg\",\"contentUrl\":\"https:\/\/educaedtech.com\/wp-content\/uploads\/2024\/11\/Together-our-future-is-bright.jpg\",\"width\":500,\"height\":250,\"caption\":\"brand manifesto educa edtech group\"},{\"@type\":\"BreadcrumbList\",\"@id\":\"https:\/\/educaedtech.com\/de\/noticias\/educa-edtech-group-celebra-el-lanzamiento-de-su-primer-brand-manifesto-el-saber-no-necesita-lugar\/#breadcrumb\",\"itemListElement\":[{\"@type\":\"ListItem\",\"position\":1,\"name\":\"Home\",\"item\":\"https:\/\/educaedtech.com\/\"},{\"@type\":\"ListItem\",\"position\":2,\"name\":\"EDUCA EDTECH Group celebra el lanzamiento de su primer Brand Manifesto: \u201cEl saber no necesita lugar\u201d\"}]},{\"@type\":\"WebSite\",\"@id\":\"https:\/\/educaedtech.com\/de\/#website\",\"url\":\"https:\/\/educaedtech.com\/de\/\",\"name\":\"Grupo EDUCA EDTECH\",\"description\":\"\",\"publisher\":{\"@id\":\"https:\/\/educaedtech.com\/de\/#organization\"},\"potentialAction\":[{\"@type\":\"SearchAction\",\"target\":{\"@type\":\"EntryPoint\",\"urlTemplate\":\"https:\/\/educaedtech.com\/de\/?s={search_term_string}\"},\"query-input\":{\"@type\":\"PropertyValueSpecification\",\"valueRequired\":true,\"valueName\":\"search_term_string\"}}],\"inLanguage\":\"de\"},{\"@type\":\"Organization\",\"@id\":\"https:\/\/educaedtech.com\/de\/#organization\",\"name\":\"Grupo EDUCA EDTECH\",\"url\":\"https:\/\/educaedtech.com\/de\/\",\"logo\":{\"@type\":\"ImageObject\",\"inLanguage\":\"de\",\"@id\":\"https:\/\/educaedtech.com\/de\/#\/schema\/logo\/image\/\",\"url\":\"https:\/\/educaedtech.com\/wp-content\/uploads\/2024\/01\/Logo-Educa-Edtech-Group-Blanco.svg\",\"contentUrl\":\"https:\/\/educaedtech.com\/wp-content\/uploads\/2024\/01\/Logo-Educa-Edtech-Group-Blanco.svg\",\"width\":317,\"height\":108,\"caption\":\"Grupo EDUCA EDTECH\"},\"image\":{\"@id\":\"https:\/\/educaedtech.com\/de\/#\/schema\/logo\/image\/\"}},{\"@type\":\"Person\",\"@id\":\"https:\/\/educaedtech.com\/de\/#\/schema\/person\/8364e46cac6b40171c0f1f92ef54b5e1\",\"name\":\"Bel\u00e9n Torres Ram\u00edrez\",\"image\":{\"@type\":\"ImageObject\",\"inLanguage\":\"de\",\"@id\":\"https:\/\/educaedtech.com\/de\/#\/schema\/person\/image\/\",\"url\":\"https:\/\/secure.gravatar.com\/avatar\/92dc371335872efb592c9888f237fed60aa26a6063206459e62c9b0ace9013ee?s=96&d=mm&r=g\",\"contentUrl\":\"https:\/\/secure.gravatar.com\/avatar\/92dc371335872efb592c9888f237fed60aa26a6063206459e62c9b0ace9013ee?s=96&d=mm&r=g\",\"caption\":\"Bel\u00e9n Torres Ram\u00edrez\"},\"url\":\"https:\/\/educaedtech.com\/de\/author\/belen-torres\/\"}]}<\/script>\n<!-- \/ Yoast SEO plugin. -->","yoast_head_json":{"title":"EDUCA EDTECH Group lanza su primer Brand Manifesto","description":"Con motivo de su 20 aniversario en 2025, EDUCA EDTECH Group, grupo tecnol\u00f3gico \u2013 educativo, presenta su primer Brand Manifesto","robots":{"index":"index","follow":"follow","max-snippet":"max-snippet:-1","max-image-preview":"max-image-preview:large","max-video-preview":"max-video-preview:-1"},"canonical":"https:\/\/educaedtech.com\/de\/noticias\/educa-edtech-group-celebra-el-lanzamiento-de-su-primer-brand-manifesto-el-saber-no-necesita-lugar\/","og_locale":"de_DE","og_type":"article","og_title":"EDUCA EDTECH Group lanza su primer Brand Manifesto","og_description":"Con motivo de su 20 aniversario en 2025, EDUCA EDTECH Group, grupo tecnol\u00f3gico \u2013 educativo, presenta su primer Brand Manifesto","og_url":"https:\/\/educaedtech.com\/de\/noticias\/educa-edtech-group-celebra-el-lanzamiento-de-su-primer-brand-manifesto-el-saber-no-necesita-lugar\/","og_site_name":"Grupo EDUCA EDTECH","article_published_time":"2024-11-21T15:05:12+00:00","article_modified_time":"2024-11-21T15:35:53+00:00","og_image":[{"width":500,"height":250,"url":"https:\/\/educaedtech.com\/wp-content\/uploads\/2024\/11\/Together-our-future-is-bright.jpg","type":"image\/jpeg"}],"author":"Bel\u00e9n Torres Ram\u00edrez","twitter_card":"summary_large_image","twitter_misc":{"Verfasst von":"Bel\u00e9n Torres Ram\u00edrez","Gesch\u00e4tzte Lesezeit":"3\u00a0Minuten"},"schema":{"@context":"https:\/\/schema.org","@graph":[{"@type":"Article","@id":"https:\/\/educaedtech.com\/de\/noticias\/educa-edtech-group-celebra-el-lanzamiento-de-su-primer-brand-manifesto-el-saber-no-necesita-lugar\/#article","isPartOf":{"@id":"https:\/\/educaedtech.com\/de\/noticias\/educa-edtech-group-celebra-el-lanzamiento-de-su-primer-brand-manifesto-el-saber-no-necesita-lugar\/"},"author":{"name":"Bel\u00e9n Torres Ram\u00edrez","@id":"https:\/\/educaedtech.com\/de\/#\/schema\/person\/8364e46cac6b40171c0f1f92ef54b5e1"},"headline":"EDUCA EDTECH Group celebra el lanzamiento de su primer Brand Manifesto: \u201cEl saber no necesita lugar\u201d","datePublished":"2024-11-21T15:05:12+00:00","dateModified":"2024-11-21T15:35:53+00:00","mainEntityOfPage":{"@id":"https:\/\/educaedtech.com\/de\/noticias\/educa-edtech-group-celebra-el-lanzamiento-de-su-primer-brand-manifesto-el-saber-no-necesita-lugar\/"},"wordCount":506,"publisher":{"@id":"https:\/\/educaedtech.com\/de\/#organization"},"image":{"@id":"https:\/\/educaedtech.com\/de\/noticias\/educa-edtech-group-celebra-el-lanzamiento-de-su-primer-brand-manifesto-el-saber-no-necesita-lugar\/#primaryimage"},"thumbnailUrl":"https:\/\/educaedtech.com\/wp-content\/uploads\/2024\/11\/Together-our-future-is-bright.jpg","articleSection":["Sin categor\u00eda"],"inLanguage":"de"},{"@type":"WebPage","@id":"https:\/\/educaedtech.com\/de\/noticias\/educa-edtech-group-celebra-el-lanzamiento-de-su-primer-brand-manifesto-el-saber-no-necesita-lugar\/","url":"https:\/\/educaedtech.com\/de\/noticias\/educa-edtech-group-celebra-el-lanzamiento-de-su-primer-brand-manifesto-el-saber-no-necesita-lugar\/","name":"EDUCA EDTECH Group lanza su primer Brand Manifesto","isPartOf":{"@id":"https:\/\/educaedtech.com\/de\/#website"},"primaryImageOfPage":{"@id":"https:\/\/educaedtech.com\/de\/noticias\/educa-edtech-group-celebra-el-lanzamiento-de-su-primer-brand-manifesto-el-saber-no-necesita-lugar\/#primaryimage"},"image":{"@id":"https:\/\/educaedtech.com\/de\/noticias\/educa-edtech-group-celebra-el-lanzamiento-de-su-primer-brand-manifesto-el-saber-no-necesita-lugar\/#primaryimage"},"thumbnailUrl":"https:\/\/educaedtech.com\/wp-content\/uploads\/2024\/11\/Together-our-future-is-bright.jpg","datePublished":"2024-11-21T15:05:12+00:00","dateModified":"2024-11-21T15:35:53+00:00","description":"Con motivo de su 20 aniversario en 2025, EDUCA EDTECH Group, grupo tecnol\u00f3gico \u2013 educativo, presenta su primer Brand Manifesto","breadcrumb":{"@id":"https:\/\/educaedtech.com\/de\/noticias\/educa-edtech-group-celebra-el-lanzamiento-de-su-primer-brand-manifesto-el-saber-no-necesita-lugar\/#breadcrumb"},"inLanguage":"de","potentialAction":[{"@type":"ReadAction","target":["https:\/\/educaedtech.com\/de\/noticias\/educa-edtech-group-celebra-el-lanzamiento-de-su-primer-brand-manifesto-el-saber-no-necesita-lugar\/"]}]},{"@type":"ImageObject","inLanguage":"de","@id":"https:\/\/educaedtech.com\/de\/noticias\/educa-edtech-group-celebra-el-lanzamiento-de-su-primer-brand-manifesto-el-saber-no-necesita-lugar\/#primaryimage","url":"https:\/\/educaedtech.com\/wp-content\/uploads\/2024\/11\/Together-our-future-is-bright.jpg","contentUrl":"https:\/\/educaedtech.com\/wp-content\/uploads\/2024\/11\/Together-our-future-is-bright.jpg","width":500,"height":250,"caption":"brand manifesto educa edtech group"},{"@type":"BreadcrumbList","@id":"https:\/\/educaedtech.com\/de\/noticias\/educa-edtech-group-celebra-el-lanzamiento-de-su-primer-brand-manifesto-el-saber-no-necesita-lugar\/#breadcrumb","itemListElement":[{"@type":"ListItem","position":1,"name":"Home","item":"https:\/\/educaedtech.com\/"},{"@type":"ListItem","position":2,"name":"EDUCA EDTECH Group celebra el lanzamiento de su primer Brand Manifesto: \u201cEl saber no necesita lugar\u201d"}]},{"@type":"WebSite","@id":"https:\/\/educaedtech.com\/de\/#website","url":"https:\/\/educaedtech.com\/de\/","name":"Grupo EDUCA EDTECH","description":"","publisher":{"@id":"https:\/\/educaedtech.com\/de\/#organization"},"potentialAction":[{"@type":"SearchAction","target":{"@type":"EntryPoint","urlTemplate":"https:\/\/educaedtech.com\/de\/?s={search_term_string}"},"query-input":{"@type":"PropertyValueSpecification","valueRequired":true,"valueName":"search_term_string"}}],"inLanguage":"de"},{"@type":"Organization","@id":"https:\/\/educaedtech.com\/de\/#organization","name":"Grupo EDUCA EDTECH","url":"https:\/\/educaedtech.com\/de\/","logo":{"@type":"ImageObject","inLanguage":"de","@id":"https:\/\/educaedtech.com\/de\/#\/schema\/logo\/image\/","url":"https:\/\/educaedtech.com\/wp-content\/uploads\/2024\/01\/Logo-Educa-Edtech-Group-Blanco.svg","contentUrl":"https:\/\/educaedtech.com\/wp-content\/uploads\/2024\/01\/Logo-Educa-Edtech-Group-Blanco.svg","width":317,"height":108,"caption":"Grupo EDUCA EDTECH"},"image":{"@id":"https:\/\/educaedtech.com\/de\/#\/schema\/logo\/image\/"}},{"@type":"Person","@id":"https:\/\/educaedtech.com\/de\/#\/schema\/person\/8364e46cac6b40171c0f1f92ef54b5e1","name":"Bel\u00e9n Torres Ram\u00edrez","image":{"@type":"ImageObject","inLanguage":"de","@id":"https:\/\/educaedtech.com\/de\/#\/schema\/person\/image\/","url":"https:\/\/secure.gravatar.com\/avatar\/92dc371335872efb592c9888f237fed60aa26a6063206459e62c9b0ace9013ee?s=96&d=mm&r=g","contentUrl":"https:\/\/secure.gravatar.com\/avatar\/92dc371335872efb592c9888f237fed60aa26a6063206459e62c9b0ace9013ee?s=96&d=mm&r=g","caption":"Bel\u00e9n Torres Ram\u00edrez"},"url":"https:\/\/educaedtech.com\/de\/author\/belen-torres\/"}]}},"_links":{"self":[{"href":"https:\/\/educaedtech.com\/de\/wp-json\/wp\/v2\/posts\/6206","targetHints":{"allow":["GET"]}}],"collection":[{"href":"https:\/\/educaedtech.com\/de\/wp-json\/wp\/v2\/posts"}],"about":[{"href":"https:\/\/educaedtech.com\/de\/wp-json\/wp\/v2\/types\/post"}],"author":[{"embeddable":true,"href":"https:\/\/educaedtech.com\/de\/wp-json\/wp\/v2\/users\/2"}],"replies":[{"embeddable":true,"href":"https:\/\/educaedtech.com\/de\/wp-json\/wp\/v2\/comments?post=6206"}],"version-history":[{"count":1,"href":"https:\/\/educaedtech.com\/de\/wp-json\/wp\/v2\/posts\/6206\/revisions"}],"predecessor-version":[{"id":6208,"href":"https:\/\/educaedtech.com\/de\/wp-json\/wp\/v2\/posts\/6206\/revisions\/6208"}],"wp:featuredmedia":[{"embeddable":true,"href":"https:\/\/educaedtech.com\/de\/wp-json\/wp\/v2\/media\/6207"}],"wp:attachment":[{"href":"https:\/\/educaedtech.com\/de\/wp-json\/wp\/v2\/media?parent=6206"}],"wp:term":[{"taxonomy":"category","embeddable":true,"href":"https:\/\/educaedtech.com\/de\/wp-json\/wp\/v2\/categories?post=6206"},{"taxonomy":"post_tag","embeddable":true,"href":"https:\/\/educaedtech.com\/de\/wp-json\/wp\/v2\/tags?post=6206"}],"curies":[{"name":"wp","href":"https:\/\/api.w.org\/{rel}","templated":true}]}}