{"id":7420,"date":"2025-03-07T08:00:00","date_gmt":"2025-03-07T07:00:00","guid":{"rendered":"https:\/\/educaedtech.com\/?p=7420"},"modified":"2025-03-07T13:50:48","modified_gmt":"2025-03-07T12:50:48","slug":"ellaesstem-la-campana-por-las-mujeres-stem","status":"publish","type":"post","link":"https:\/\/educaedtech.com\/fr\/noticias\/ellaesstem-la-campana-por-las-mujeres-stem\/","title":{"rendered":"#EllaEsSTEM : le groupe EDUCA EDTECH et son engagement en faveur du leadership des femmes dans les STIM"},"content":{"rendered":"<p>Le r\u00f4le de la <strong>Femmes STEM<\/strong> dans les domaines des sciences, de la technologie, de l'ing\u00e9nierie et des math\u00e9matiques est la cl\u00e9 du progr\u00e8s et de l'innovation dans de nombreux secteurs. \u00c0 l'heure actuelle <strong>Groupe EDUCA EDTECH<\/strong>Nous nous engageons \u00e0 faire de la formation un outil de promotion des talents f\u00e9minins dans ces disciplines, et \u00e0 travers notre marque <strong>Structuralia<\/strong>sp\u00e9cialis\u00e9s dans l'enseignement des STIM, nous avons aid\u00e9 de nombreux professionnels \u00e0 atteindre des postes de direction dans de grandes entreprises.<\/p>\n\n\n\n<p>\u00c0 l'occasion de la <strong>Journ\u00e9e internationale de la femme<\/strong>nous avons lanc\u00e9 la campagne <strong><a href=\"https:\/\/blog.structuralia.com\/\">#EllaEsSTEM<\/a><\/strong>Cette initiative met en lumi\u00e8re les carri\u00e8res de femmes qui ont progress\u00e9 dans le domaine des STIM et qui occupent aujourd'hui des postes cl\u00e9s dans l'industrie.<\/p>\n\n\n\n<h3 class=\"wp-block-heading has-medium-font-size\"><strong>Les femmes STEM form\u00e9es par Structuralia \u00e0 la t\u00eate du secteur<\/strong><\/h3>\n\n\n\n<p>Tout au long de notre trajectoire, nous avons accompagn\u00e9 des centaines de <strong>Femmes STEM<\/strong> dans leur formation, en les aidant \u00e0 acqu\u00e9rir les comp\u00e9tences n\u00e9cessaires pour d\u00e9velopper leur potentiel sur un march\u00e9 hautement comp\u00e9titif. Nombre d'entre eux ont particip\u00e9 \u00e0 cette campagne, partageant leur exp\u00e9rience, leurs d\u00e9fis et leur vision de l'avenir :<\/p>\n\n\n\n<ul class=\"wp-block-list\">\n<li><strong><a href=\"https:\/\/blog.structuralia.com\/entrevista-ella-es-stem-miriam-prada\">Miriam Prada<\/a><\/strong> - Ing\u00e9nieur en b\u00e2timent et architecte d'int\u00e9rieur, directeur du Master BIM en conception avanc\u00e9e de l'architecture d'int\u00e9rieur \u00e0 Structuralia.<\/li>\n\n\n\n<li><a href=\"https:\/\/blog.structuralia.com\/entrevista-ella-hace-stem-laura-perez\"><strong>Laura P\u00e9rez Salazar<\/strong> <\/a>- Ing\u00e9nieur technique industriel, chercheur dans le domaine Next Construction chez Tecnalia Research &amp; Innovation.<\/li>\n\n\n\n<li><strong><a href=\"https:\/\/blog.structuralia.com\/entrevista-ella-es-stem-isabel-sanchez\">Isabel S\u00e1nchez<\/a><\/strong> - Gestion des risques chez Volkswagen Financial Services, conf\u00e9rencier et intervenant TEDx.<\/li>\n\n\n\n<li><strong><a href=\"https:\/\/blog.structuralia.com\/entrevista-ella-es-stem-carla-silva\">Carla Silva Otero<\/a><\/strong> - Architecte, consultant en r\u00e9habilitation urbaine chez INECO, sp\u00e9cialiste en gestion de projets territoriaux.<\/li>\n\n\n\n<li><strong><a href=\"https:\/\/blog.structuralia.com\/entrevista-ella-es-stem-aida-santos\">Aida Santos Santamar\u00eda<\/a><\/strong> - Ing\u00e9nieur civil, responsable de la conception des tunnels \u00e0 TYPSA et pr\u00e9sident du groupe de jeunes AETOS.<\/li>\n\n\n\n<li><strong><a href=\"https:\/\/blog.structuralia.com\/entrevista-ella-hace-stem-ursula-bobo\">\u00darsula Bobo Garc\u00eda<\/a><\/strong> - Ing\u00e9nieur agronome, responsable de l'innovation durable chez Acciona Infraestructuras.<\/li>\n\n\n\n<li><strong><a href=\"https:\/\/blog.structuralia.com\/entrevista-ella-es-stem-andrea-manriquez\">Andrea E. Manr\u00edquez V.<\/a><\/strong> - Ing\u00e9nieur p\u00e9trolier, expert dans l'industrie du gaz et de l'\u00e9nergie, ing\u00e9nieur en transport de gaz chez Gas Andes.<\/li>\n<\/ul>\n\n\n\n<p>Tous ont d\u00e9velopp\u00e9 leurs comp\u00e9tences et leurs connaissances dans le domaine des STIM, et leur t\u00e9moignage d\u00e9montre l'impact d'une formation sp\u00e9cialis\u00e9e sur la construction de carri\u00e8res solides et r\u00e9ussies.<\/p>\n\n\n\n<h3 class=\"wp-block-heading\"><strong>D\u00e9fis et opportunit\u00e9s pour les femmes dans le domaine des STIM<\/strong><\/h3>\n\n\n\n<p>Pendant la campagne <strong>#EllaEsSTEM<\/strong>Nous avons interrog\u00e9 ces professionnels sur leur exp\u00e9rience dans le secteur et leur vision de l'avenir. Parmi les sujets abord\u00e9s, les suivants se distinguent :<\/p>\n\n\n\n<ul class=\"wp-block-list\">\n<li><strong>Les d\u00e9fis auxquels ils ont \u00e9t\u00e9 confront\u00e9s dans le cadre de leur d\u00e9veloppement professionnel dans le domaine des STIM.<\/strong><\/li>\n\n\n\n<li><strong>Le r\u00f4le fondamental de l'\u00e9ducation dans leur croissance et leur acc\u00e8s aux opportunit\u00e9s.<\/strong><\/li>\n\n\n\n<li><strong>L'importance des mod\u00e8les et des mentors pour inspirer les nouvelles g\u00e9n\u00e9rations de femmes dans le domaine des STIM.<\/strong><\/li>\n\n\n\n<li><strong>Opportunit\u00e9s \u00e9mergentes dans des domaines tels que l'ing\u00e9nierie, le d\u00e9veloppement durable et la technologie.<\/strong><\/li>\n<\/ul>\n\n\n\n<h3 class=\"wp-block-heading\">L'engagement du groupe EDUCA EDTECH en faveur de l'\u00e9quit\u00e9 dans les STIM<\/h3>\n\n\n\n<p>Au <strong>Groupe EDUCA EDTECH<\/strong>Nous travaillons chaque jour \u00e0 la mise en place d'un environnement d'\u00e9galit\u00e9 et d'opportunit\u00e9s. Actuellement, <strong>plus de 50 % de notre personnel est compos\u00e9 de femmes<\/strong>et le <strong>70,83 % de nos chefs d'\u00e9quipe sont des femmes<\/strong>refl\u00e9tant notre engagement en faveur du d\u00e9veloppement des talents f\u00e9minins dans le secteur de l'\u00e9ducation et des STIM.<\/p>\n\n\n\n<p>A travers <strong>Structuralia<\/strong>Nous continuons \u00e0 promouvoir des programmes de formation innovants qui permettent \u00e0 un nombre croissant de personnes de <strong>Femmes STEM<\/strong> acc\u00e9der \u00e0 des opportunit\u00e9s dans des secteurs strat\u00e9giques. Nous pensons que la diversit\u00e9 est un moteur de croissance et que les talents f\u00e9minins sont un \u00e9l\u00e9ment essentiel de l'avenir du secteur.<\/p>","protected":false},"excerpt":{"rendered":"<p>Le r\u00f4le des femmes dans les STIM (sciences, technologies, ing\u00e9nierie et math\u00e9matiques) est essentiel pour l'avenir de [...]<\/p>","protected":false},"author":2,"featured_media":7425,"comment_status":"closed","ping_status":"closed","sticky":false,"template":"","format":"standard","meta":{"_acf_changed":false,"site-sidebar-layout":"default","site-content-layout":"","ast-site-content-layout":"","site-content-style":"default","site-sidebar-style":"default","ast-global-header-display":"","ast-banner-title-visibility":"","ast-main-header-display":"","ast-hfb-above-header-display":"","ast-hfb-below-header-display":"","ast-hfb-mobile-header-display":"","site-post-title":"","ast-breadcrumbs-content":"","ast-featured-img":"","footer-sml-layout":"","theme-transparent-header-meta":"","adv-header-id-meta":"","stick-header-meta":"","header-above-stick-meta":"","header-main-stick-meta":"","header-below-stick-meta":"","astra-migrate-meta-layouts":"default","ast-page-background-enabled":"default","ast-page-background-meta":{"desktop":{"background-color":"var(--ast-global-color-4)","background-image":"","background-repeat":"repeat","background-position":"center center","background-size":"auto","background-attachment":"scroll","background-type":"","background-media":"","overlay-type":"","overlay-color":"","overlay-opacity":"","overlay-gradient":""},"tablet":{"background-color":"","background-image":"","background-repeat":"repeat","background-position":"center center","background-size":"auto","background-attachment":"scroll","background-type":"","background-media":"","overlay-type":"","overlay-color":"","overlay-opacity":"","overlay-gradient":""},"mobile":{"background-color":"","background-image":"","background-repeat":"repeat","background-position":"center center","background-size":"auto","background-attachment":"scroll","background-type":"","background-media":"","overlay-type":"","overlay-color":"","overlay-opacity":"","overlay-gradient":""}},"ast-content-background-meta":{"desktop":{"background-color":"var(--ast-global-color-5)","background-image":"","background-repeat":"repeat","background-position":"center center","background-size":"auto","background-attachment":"scroll","background-type":"","background-media":"","overlay-type":"","overlay-color":"","overlay-opacity":"","overlay-gradient":""},"tablet":{"background-color":"var(--ast-global-color-5)","background-image":"","background-repeat":"repeat","background-position":"center center","background-size":"auto","background-attachment":"scroll","background-type":"","background-media":"","overlay-type":"","overlay-color":"","overlay-opacity":"","overlay-gradient":""},"mobile":{"background-color":"var(--ast-global-color-5)","background-image":"","background-repeat":"repeat","background-position":"center center","background-size":"auto","background-attachment":"scroll","background-type":"","background-media":"","overlay-type":"","overlay-color":"","overlay-opacity":"","overlay-gradient":""}},"footnotes":""},"categories":[1],"tags":[],"class_list":["post-7420","post","type-post","status-publish","format-standard","has-post-thumbnail","hentry","category-sin-categoria"],"acf":[],"yoast_head":"<!-- This site is optimized with the Yoast SEO plugin v23.4 - https:\/\/yoast.com\/wordpress\/plugins\/seo\/ -->\n<title>#EllaEsSTEM: La campa\u00f1a por las mujeres STEM<\/title>\n<meta name=\"description\" content=\"Descubre #EllaEsSTEM, la campa\u00f1a de EDUCA EDTECH Group y Structuralia que visibiliza el talento y liderazgo de las mujeres STEM.\" \/>\n<meta name=\"robots\" content=\"index, follow, max-snippet:-1, max-image-preview:large, max-video-preview:-1\" \/>\n<link rel=\"canonical\" href=\"https:\/\/educaedtech.com\/fr\/noticias\/ellaesstem-la-campana-por-las-mujeres-stem\/\" \/>\n<meta property=\"og:locale\" content=\"fr_FR\" \/>\n<meta property=\"og:type\" content=\"article\" \/>\n<meta property=\"og:title\" content=\"#EllaEsSTEM: La campa\u00f1a por las mujeres STEM\" \/>\n<meta property=\"og:description\" content=\"Descubre #EllaEsSTEM, la campa\u00f1a de EDUCA EDTECH Group y Structuralia que visibiliza el talento y liderazgo de las mujeres STEM.\" \/>\n<meta property=\"og:url\" content=\"https:\/\/educaedtech.com\/fr\/noticias\/ellaesstem-la-campana-por-las-mujeres-stem\/\" \/>\n<meta property=\"og:site_name\" content=\"Grupo EDUCA EDTECH\" \/>\n<meta property=\"article:published_time\" content=\"2025-03-07T07:00:00+00:00\" \/>\n<meta property=\"article:modified_time\" content=\"2025-03-07T12:50:48+00:00\" \/>\n<meta property=\"og:image\" content=\"https:\/\/educaedtech.com\/wp-content\/uploads\/2025\/03\/8-de-marzo-Dia-internacional-de-la-mujer.png\" \/>\n\t<meta property=\"og:image:width\" content=\"1116\" \/>\n\t<meta property=\"og:image:height\" content=\"600\" \/>\n\t<meta property=\"og:image:type\" content=\"image\/png\" \/>\n<meta name=\"author\" content=\"Bel\u00e9n Torres Ram\u00edrez\" \/>\n<meta name=\"twitter:card\" content=\"summary_large_image\" \/>\n<meta name=\"twitter:label1\" content=\"\u00c9crit par\" \/>\n\t<meta name=\"twitter:data1\" content=\"Bel\u00e9n Torres Ram\u00edrez\" \/>\n\t<meta name=\"twitter:label2\" content=\"Dur\u00e9e de lecture estim\u00e9e\" \/>\n\t<meta name=\"twitter:data2\" content=\"3 minutes\" \/>\n<script type=\"application\/ld+json\" class=\"yoast-schema-graph\">{\"@context\":\"https:\/\/schema.org\",\"@graph\":[{\"@type\":\"Article\",\"@id\":\"https:\/\/educaedtech.com\/fr\/noticias\/ellaesstem-la-campana-por-las-mujeres-stem\/#article\",\"isPartOf\":{\"@id\":\"https:\/\/educaedtech.com\/fr\/noticias\/ellaesstem-la-campana-por-las-mujeres-stem\/\"},\"author\":{\"name\":\"Bel\u00e9n Torres Ram\u00edrez\",\"@id\":\"https:\/\/educaedtech.com\/fr\/#\/schema\/person\/8364e46cac6b40171c0f1f92ef54b5e1\"},\"headline\":\"#EllaEsSTEM: EDUCA EDTECH Group y su apuesta por el liderazgo femenino en STEM\",\"datePublished\":\"2025-03-07T07:00:00+00:00\",\"dateModified\":\"2025-03-07T12:50:48+00:00\",\"mainEntityOfPage\":{\"@id\":\"https:\/\/educaedtech.com\/fr\/noticias\/ellaesstem-la-campana-por-las-mujeres-stem\/\"},\"wordCount\":566,\"publisher\":{\"@id\":\"https:\/\/educaedtech.com\/fr\/#organization\"},\"image\":{\"@id\":\"https:\/\/educaedtech.com\/fr\/noticias\/ellaesstem-la-campana-por-las-mujeres-stem\/#primaryimage\"},\"thumbnailUrl\":\"https:\/\/educaedtech.com\/wp-content\/uploads\/2025\/03\/8-de-marzo-Dia-internacional-de-la-mujer.png\",\"articleSection\":[\"Sin categor\u00eda\"],\"inLanguage\":\"fr-FR\"},{\"@type\":\"WebPage\",\"@id\":\"https:\/\/educaedtech.com\/fr\/noticias\/ellaesstem-la-campana-por-las-mujeres-stem\/\",\"url\":\"https:\/\/educaedtech.com\/fr\/noticias\/ellaesstem-la-campana-por-las-mujeres-stem\/\",\"name\":\"#EllaEsSTEM: La campa\u00f1a por las mujeres STEM\",\"isPartOf\":{\"@id\":\"https:\/\/educaedtech.com\/fr\/#website\"},\"primaryImageOfPage\":{\"@id\":\"https:\/\/educaedtech.com\/fr\/noticias\/ellaesstem-la-campana-por-las-mujeres-stem\/#primaryimage\"},\"image\":{\"@id\":\"https:\/\/educaedtech.com\/fr\/noticias\/ellaesstem-la-campana-por-las-mujeres-stem\/#primaryimage\"},\"thumbnailUrl\":\"https:\/\/educaedtech.com\/wp-content\/uploads\/2025\/03\/8-de-marzo-Dia-internacional-de-la-mujer.png\",\"datePublished\":\"2025-03-07T07:00:00+00:00\",\"dateModified\":\"2025-03-07T12:50:48+00:00\",\"description\":\"Descubre #EllaEsSTEM, la campa\u00f1a de EDUCA EDTECH Group y Structuralia que visibiliza el talento y liderazgo de las mujeres STEM.\",\"breadcrumb\":{\"@id\":\"https:\/\/educaedtech.com\/fr\/noticias\/ellaesstem-la-campana-por-las-mujeres-stem\/#breadcrumb\"},\"inLanguage\":\"fr-FR\",\"potentialAction\":[{\"@type\":\"ReadAction\",\"target\":[\"https:\/\/educaedtech.com\/fr\/noticias\/ellaesstem-la-campana-por-las-mujeres-stem\/\"]}]},{\"@type\":\"ImageObject\",\"inLanguage\":\"fr-FR\",\"@id\":\"https:\/\/educaedtech.com\/fr\/noticias\/ellaesstem-la-campana-por-las-mujeres-stem\/#primaryimage\",\"url\":\"https:\/\/educaedtech.com\/wp-content\/uploads\/2025\/03\/8-de-marzo-Dia-internacional-de-la-mujer.png\",\"contentUrl\":\"https:\/\/educaedtech.com\/wp-content\/uploads\/2025\/03\/8-de-marzo-Dia-internacional-de-la-mujer.png\",\"width\":1116,\"height\":600,\"caption\":\"En EDUCA EDTECH Group entrevistamos a 6 mujeres STEM sobre los desaf\u00edos del sector. \u00a1Debes de leerlas!\"},{\"@type\":\"BreadcrumbList\",\"@id\":\"https:\/\/educaedtech.com\/fr\/noticias\/ellaesstem-la-campana-por-las-mujeres-stem\/#breadcrumb\",\"itemListElement\":[{\"@type\":\"ListItem\",\"position\":1,\"name\":\"Home\",\"item\":\"https:\/\/educaedtech.com\/\"},{\"@type\":\"ListItem\",\"position\":2,\"name\":\"#EllaEsSTEM: EDUCA EDTECH Group y su apuesta por el liderazgo femenino en STEM\"}]},{\"@type\":\"WebSite\",\"@id\":\"https:\/\/educaedtech.com\/fr\/#website\",\"url\":\"https:\/\/educaedtech.com\/fr\/\",\"name\":\"Grupo EDUCA EDTECH\",\"description\":\"\",\"publisher\":{\"@id\":\"https:\/\/educaedtech.com\/fr\/#organization\"},\"potentialAction\":[{\"@type\":\"SearchAction\",\"target\":{\"@type\":\"EntryPoint\",\"urlTemplate\":\"https:\/\/educaedtech.com\/fr\/?s={search_term_string}\"},\"query-input\":{\"@type\":\"PropertyValueSpecification\",\"valueRequired\":true,\"valueName\":\"search_term_string\"}}],\"inLanguage\":\"fr-FR\"},{\"@type\":\"Organization\",\"@id\":\"https:\/\/educaedtech.com\/fr\/#organization\",\"name\":\"Grupo EDUCA EDTECH\",\"url\":\"https:\/\/educaedtech.com\/fr\/\",\"logo\":{\"@type\":\"ImageObject\",\"inLanguage\":\"fr-FR\",\"@id\":\"https:\/\/educaedtech.com\/fr\/#\/schema\/logo\/image\/\",\"url\":\"https:\/\/educaedtech.com\/wp-content\/uploads\/2024\/01\/Logo-Educa-Edtech-Group-Blanco.svg\",\"contentUrl\":\"https:\/\/educaedtech.com\/wp-content\/uploads\/2024\/01\/Logo-Educa-Edtech-Group-Blanco.svg\",\"width\":317,\"height\":108,\"caption\":\"Grupo EDUCA EDTECH\"},\"image\":{\"@id\":\"https:\/\/educaedtech.com\/fr\/#\/schema\/logo\/image\/\"}},{\"@type\":\"Person\",\"@id\":\"https:\/\/educaedtech.com\/fr\/#\/schema\/person\/8364e46cac6b40171c0f1f92ef54b5e1\",\"name\":\"Bel\u00e9n Torres Ram\u00edrez\",\"image\":{\"@type\":\"ImageObject\",\"inLanguage\":\"fr-FR\",\"@id\":\"https:\/\/educaedtech.com\/fr\/#\/schema\/person\/image\/\",\"url\":\"https:\/\/secure.gravatar.com\/avatar\/92dc371335872efb592c9888f237fed60aa26a6063206459e62c9b0ace9013ee?s=96&d=mm&r=g\",\"contentUrl\":\"https:\/\/secure.gravatar.com\/avatar\/92dc371335872efb592c9888f237fed60aa26a6063206459e62c9b0ace9013ee?s=96&d=mm&r=g\",\"caption\":\"Bel\u00e9n Torres Ram\u00edrez\"},\"url\":\"https:\/\/educaedtech.com\/fr\/author\/belen-torres\/\"}]}<\/script>\n<!-- \/ Yoast SEO plugin. -->","yoast_head_json":{"title":"#EllaEsSTEM: La campa\u00f1a por las mujeres STEM","description":"Descubre #EllaEsSTEM, la campa\u00f1a de EDUCA EDTECH Group y Structuralia que visibiliza el talento y liderazgo de las mujeres STEM.","robots":{"index":"index","follow":"follow","max-snippet":"max-snippet:-1","max-image-preview":"max-image-preview:large","max-video-preview":"max-video-preview:-1"},"canonical":"https:\/\/educaedtech.com\/fr\/noticias\/ellaesstem-la-campana-por-las-mujeres-stem\/","og_locale":"fr_FR","og_type":"article","og_title":"#EllaEsSTEM: La campa\u00f1a por las mujeres STEM","og_description":"Descubre #EllaEsSTEM, la campa\u00f1a de EDUCA EDTECH Group y Structuralia que visibiliza el talento y liderazgo de las mujeres STEM.","og_url":"https:\/\/educaedtech.com\/fr\/noticias\/ellaesstem-la-campana-por-las-mujeres-stem\/","og_site_name":"Grupo EDUCA EDTECH","article_published_time":"2025-03-07T07:00:00+00:00","article_modified_time":"2025-03-07T12:50:48+00:00","og_image":[{"width":1116,"height":600,"url":"https:\/\/educaedtech.com\/wp-content\/uploads\/2025\/03\/8-de-marzo-Dia-internacional-de-la-mujer.png","type":"image\/png"}],"author":"Bel\u00e9n Torres Ram\u00edrez","twitter_card":"summary_large_image","twitter_misc":{"\u00c9crit par":"Bel\u00e9n Torres Ram\u00edrez","Dur\u00e9e de lecture estim\u00e9e":"3 minutes"},"schema":{"@context":"https:\/\/schema.org","@graph":[{"@type":"Article","@id":"https:\/\/educaedtech.com\/fr\/noticias\/ellaesstem-la-campana-por-las-mujeres-stem\/#article","isPartOf":{"@id":"https:\/\/educaedtech.com\/fr\/noticias\/ellaesstem-la-campana-por-las-mujeres-stem\/"},"author":{"name":"Bel\u00e9n Torres Ram\u00edrez","@id":"https:\/\/educaedtech.com\/fr\/#\/schema\/person\/8364e46cac6b40171c0f1f92ef54b5e1"},"headline":"#EllaEsSTEM: EDUCA EDTECH Group y su apuesta por el liderazgo femenino en STEM","datePublished":"2025-03-07T07:00:00+00:00","dateModified":"2025-03-07T12:50:48+00:00","mainEntityOfPage":{"@id":"https:\/\/educaedtech.com\/fr\/noticias\/ellaesstem-la-campana-por-las-mujeres-stem\/"},"wordCount":566,"publisher":{"@id":"https:\/\/educaedtech.com\/fr\/#organization"},"image":{"@id":"https:\/\/educaedtech.com\/fr\/noticias\/ellaesstem-la-campana-por-las-mujeres-stem\/#primaryimage"},"thumbnailUrl":"https:\/\/educaedtech.com\/wp-content\/uploads\/2025\/03\/8-de-marzo-Dia-internacional-de-la-mujer.png","articleSection":["Sin categor\u00eda"],"inLanguage":"fr-FR"},{"@type":"WebPage","@id":"https:\/\/educaedtech.com\/fr\/noticias\/ellaesstem-la-campana-por-las-mujeres-stem\/","url":"https:\/\/educaedtech.com\/fr\/noticias\/ellaesstem-la-campana-por-las-mujeres-stem\/","name":"#EllaEsSTEM: La campa\u00f1a por las mujeres STEM","isPartOf":{"@id":"https:\/\/educaedtech.com\/fr\/#website"},"primaryImageOfPage":{"@id":"https:\/\/educaedtech.com\/fr\/noticias\/ellaesstem-la-campana-por-las-mujeres-stem\/#primaryimage"},"image":{"@id":"https:\/\/educaedtech.com\/fr\/noticias\/ellaesstem-la-campana-por-las-mujeres-stem\/#primaryimage"},"thumbnailUrl":"https:\/\/educaedtech.com\/wp-content\/uploads\/2025\/03\/8-de-marzo-Dia-internacional-de-la-mujer.png","datePublished":"2025-03-07T07:00:00+00:00","dateModified":"2025-03-07T12:50:48+00:00","description":"Descubre #EllaEsSTEM, la campa\u00f1a de EDUCA EDTECH Group y Structuralia que visibiliza el talento y liderazgo de las mujeres STEM.","breadcrumb":{"@id":"https:\/\/educaedtech.com\/fr\/noticias\/ellaesstem-la-campana-por-las-mujeres-stem\/#breadcrumb"},"inLanguage":"fr-FR","potentialAction":[{"@type":"ReadAction","target":["https:\/\/educaedtech.com\/fr\/noticias\/ellaesstem-la-campana-por-las-mujeres-stem\/"]}]},{"@type":"ImageObject","inLanguage":"fr-FR","@id":"https:\/\/educaedtech.com\/fr\/noticias\/ellaesstem-la-campana-por-las-mujeres-stem\/#primaryimage","url":"https:\/\/educaedtech.com\/wp-content\/uploads\/2025\/03\/8-de-marzo-Dia-internacional-de-la-mujer.png","contentUrl":"https:\/\/educaedtech.com\/wp-content\/uploads\/2025\/03\/8-de-marzo-Dia-internacional-de-la-mujer.png","width":1116,"height":600,"caption":"En EDUCA EDTECH Group entrevistamos a 6 mujeres STEM sobre los desaf\u00edos del sector. \u00a1Debes de leerlas!"},{"@type":"BreadcrumbList","@id":"https:\/\/educaedtech.com\/fr\/noticias\/ellaesstem-la-campana-por-las-mujeres-stem\/#breadcrumb","itemListElement":[{"@type":"ListItem","position":1,"name":"Home","item":"https:\/\/educaedtech.com\/"},{"@type":"ListItem","position":2,"name":"#EllaEsSTEM: EDUCA EDTECH Group y su apuesta por el liderazgo femenino en STEM"}]},{"@type":"WebSite","@id":"https:\/\/educaedtech.com\/fr\/#website","url":"https:\/\/educaedtech.com\/fr\/","name":"Grupo EDUCA EDTECH","description":"","publisher":{"@id":"https:\/\/educaedtech.com\/fr\/#organization"},"potentialAction":[{"@type":"SearchAction","target":{"@type":"EntryPoint","urlTemplate":"https:\/\/educaedtech.com\/fr\/?s={search_term_string}"},"query-input":{"@type":"PropertyValueSpecification","valueRequired":true,"valueName":"search_term_string"}}],"inLanguage":"fr-FR"},{"@type":"Organization","@id":"https:\/\/educaedtech.com\/fr\/#organization","name":"Grupo EDUCA EDTECH","url":"https:\/\/educaedtech.com\/fr\/","logo":{"@type":"ImageObject","inLanguage":"fr-FR","@id":"https:\/\/educaedtech.com\/fr\/#\/schema\/logo\/image\/","url":"https:\/\/educaedtech.com\/wp-content\/uploads\/2024\/01\/Logo-Educa-Edtech-Group-Blanco.svg","contentUrl":"https:\/\/educaedtech.com\/wp-content\/uploads\/2024\/01\/Logo-Educa-Edtech-Group-Blanco.svg","width":317,"height":108,"caption":"Grupo EDUCA EDTECH"},"image":{"@id":"https:\/\/educaedtech.com\/fr\/#\/schema\/logo\/image\/"}},{"@type":"Person","@id":"https:\/\/educaedtech.com\/fr\/#\/schema\/person\/8364e46cac6b40171c0f1f92ef54b5e1","name":"Bel\u00e9n Torres Ram\u00edrez","image":{"@type":"ImageObject","inLanguage":"fr-FR","@id":"https:\/\/educaedtech.com\/fr\/#\/schema\/person\/image\/","url":"https:\/\/secure.gravatar.com\/avatar\/92dc371335872efb592c9888f237fed60aa26a6063206459e62c9b0ace9013ee?s=96&d=mm&r=g","contentUrl":"https:\/\/secure.gravatar.com\/avatar\/92dc371335872efb592c9888f237fed60aa26a6063206459e62c9b0ace9013ee?s=96&d=mm&r=g","caption":"Bel\u00e9n Torres Ram\u00edrez"},"url":"https:\/\/educaedtech.com\/fr\/author\/belen-torres\/"}]}},"_links":{"self":[{"href":"https:\/\/educaedtech.com\/fr\/wp-json\/wp\/v2\/posts\/7420","targetHints":{"allow":["GET"]}}],"collection":[{"href":"https:\/\/educaedtech.com\/fr\/wp-json\/wp\/v2\/posts"}],"about":[{"href":"https:\/\/educaedtech.com\/fr\/wp-json\/wp\/v2\/types\/post"}],"author":[{"embeddable":true,"href":"https:\/\/educaedtech.com\/fr\/wp-json\/wp\/v2\/users\/2"}],"replies":[{"embeddable":true,"href":"https:\/\/educaedtech.com\/fr\/wp-json\/wp\/v2\/comments?post=7420"}],"version-history":[{"count":4,"href":"https:\/\/educaedtech.com\/fr\/wp-json\/wp\/v2\/posts\/7420\/revisions"}],"predecessor-version":[{"id":7439,"href":"https:\/\/educaedtech.com\/fr\/wp-json\/wp\/v2\/posts\/7420\/revisions\/7439"}],"wp:featuredmedia":[{"embeddable":true,"href":"https:\/\/educaedtech.com\/fr\/wp-json\/wp\/v2\/media\/7425"}],"wp:attachment":[{"href":"https:\/\/educaedtech.com\/fr\/wp-json\/wp\/v2\/media?parent=7420"}],"wp:term":[{"taxonomy":"category","embeddable":true,"href":"https:\/\/educaedtech.com\/fr\/wp-json\/wp\/v2\/categories?post=7420"},{"taxonomy":"post_tag","embeddable":true,"href":"https:\/\/educaedtech.com\/fr\/wp-json\/wp\/v2\/tags?post=7420"}],"curies":[{"name":"wp","href":"https:\/\/api.w.org\/{rel}","templated":true}]}}