{"id":36674,"date":"2026-04-30T17:00:29","date_gmt":"2026-04-30T15:00:29","guid":{"rendered":"https:\/\/educaedtech.com\/?p=36674"},"modified":"2026-04-30T17:00:31","modified_gmt":"2026-04-30T15:00:31","slug":"educa-edtech-participa-en-inauguracion-cta-granada","status":"publish","type":"post","link":"https:\/\/educaedtech.com\/it\/noticias\/educa-edtech-participa-en-inauguracion-cta-granada\/","title":{"rendered":"EDUCA EDTECH Group participa en la inauguraci\u00f3n de la nueva sede de CTA en Granada"},"content":{"rendered":"<ul class=\"wp-block-list\">\n<li><strong>EDUCA EDTECH Group ha estado presente en la inauguraci\u00f3n de la nueva sede de CTA en Granada, un encuentro institucional orientado a reforzar la innovaci\u00f3n, transferencia de conocimiento y colaboraci\u00f3n empresarial en Granada<\/strong><\/li>\n<\/ul>\n\n\n\n<p><\/p>\n\n\n\n<p>EDUCA EDTECH Group ha participado en la inauguraci\u00f3n de la nueva sede de CTA en Granada, un encuentro que refuerza el papel de la ciudad como enclave estrat\u00e9gico para la innovaci\u00f3n, la transferencia de conocimiento y la colaboraci\u00f3n entre empresas, universidades e instituciones.<\/p>\n\n\n\n<p>El acto, organizado por <strong>Societ\u00e0 Tecnologica dell'Andalusia (CTA)<\/strong>, reuni\u00f3 a representantes institucionales, empresariales y acad\u00e9micos con el objetivo de impulsar nuevas v\u00edas de cooperaci\u00f3n en torno a la I+D+i, la tecnolog\u00eda y el desarrollo econ\u00f3mico del territorio.<\/p>\n\n\n\n<p>En representaci\u00f3n de EDUCA EDTECH Group, <strong>Pablo Ybarra, director B2B del grupo<\/strong>, particip\u00f3 en la mesa redonda <strong>\u201cGranada como nodo estrat\u00e9gico de innovaci\u00f3n y transferencia de conocimiento: experiencias reales de colaboraci\u00f3n y crecimiento\u201d<\/strong>, junto a representantes de otras corporaciones clave en el territorio.<\/p>\n\n\n\n<p>Durante su intervenci\u00f3n, Ybarra puso el foco en uno de los grandes retos actuales para las organizaciones: la necesidad de responder con agilidad a un entorno competitivo que cambia a gran velocidad. En este contexto, defendi\u00f3<a href=\"https:\/\/educaedtech.com\/it\/noticias\/la-fondazione-educa-edtech-presenta-il-suo-whitepaper\/\" target=\"_blank\" rel=\"noreferrer noopener\"> el papel de la formaci\u00f3n como palanca imprescindible<\/a> para que empresas, profesionales e instituciones puedan adaptarse, crecer y generar impacto.<\/p>\n\n\n\n<blockquote class=\"wp-block-quote is-layout-flow wp-block-quote-is-layout-flow\">\n<p>\u201cHoy en d\u00eda no nos podemos quedar atr\u00e1s. Llevamos a\u00f1os trabajando en la intersecci\u00f3n entre talento, formaci\u00f3n e innovaci\u00f3n. La velocidad a la que se mueve el entorno competitivo no nos permite esperar: hay que actuar y hay que hacerlo con formaci\u00f3n como base\u201d, se\u00f1al\u00f3 Pablo Ybarra.<\/p>\n<\/blockquote>\n\n\n\n<p>La presencia de EDUCA EDTECH Group en este encuentro refuerza su compromiso con la innovaci\u00f3n educativa y con el desarrollo de soluciones formativas capaces de responder a las nuevas necesidades del mercado laboral. Desde Granada, el grupo ha consolidado un modelo basado en la tecnolog\u00eda, la formaci\u00f3n online, la inteligencia artificial y la conexi\u00f3n entre conocimiento y empleabilidad.<\/p>\n\n\n\n<h2 class=\"wp-block-heading has-medium-font-size\">Granada, un territorio con capacidad real de atracci\u00f3n<\/h2>\n\n\n\n<p>Uno de los ejes principales de la jornada fue el papel de Granada como ciudad estrat\u00e9gica para la innovaci\u00f3n. Su tejido universitario, su base cient\u00edfica, su dinamismo empresarial y su capacidad para atraer talento la sit\u00faan como un espacio clave para el desarrollo de proyectos colaborativos.<\/p>\n\n\n\n<p>En este sentido, Pablo Ybarra reivindic\u00f3 la decisi\u00f3n de EDUCA EDTECH Group de seguir creciendo desde Granada no solo como una cuesti\u00f3n de origen, sino como una apuesta consciente por el potencial de la ciudad.<\/p>\n\n\n\n<blockquote class=\"wp-block-quote is-layout-flow wp-block-quote-is-layout-flow\">\n<p>\u201cNosotros nacimos en Granada. Pero si seguimos aqu\u00ed, no es por nostalgia, es porque Granada tiene una capacidad de atracci\u00f3n real. Hay perfiles directivos que est\u00e1n apostando por la ciudad, algo est\u00e1 pasando y se nota. Eso es exactamente lo que necesita un ecosistema de innovaci\u00f3n para consolidarse\u201d, afirm\u00f3.<\/p>\n<\/blockquote>\n\n\n\n<p>La inauguraci\u00f3n de la nueva sede de CTA en Granada responde precisamente a esa voluntad de estar m\u00e1s cerca de las empresas, instituciones y agentes del sistema de I+D+i de la provincia, facilitando la colaboraci\u00f3n, el desarrollo de proyectos innovadores y el acceso a servicios avanzados de apoyo a la innovaci\u00f3n.<\/p>\n\n\n\n<p>Para EDUCA EDTECH Group, este tipo de espacios son fundamentales para seguir impulsando alianzas que conecten el conocimiento generado en el \u00e1mbito universitario con las necesidades reales de empresas, profesionales y ciudadan\u00eda.<\/p>\n\n\n\n<h2 class=\"wp-block-heading has-medium-font-size\">Formaci\u00f3n, innovaci\u00f3n e impacto real en las personas<\/h2>\n\n\n\n<p>Durante la mesa redonda, EDUCA EDTECH Group tambi\u00e9n destac\u00f3 la importancia de abordar la brecha formativa digital como uno de los grandes desaf\u00edos del presente. En un contexto marcado por la transformaci\u00f3n tecnol\u00f3gica, la inteligencia artificial y la evoluci\u00f3n constante de los perfiles profesionales, la formaci\u00f3n se convierte en una herramienta esencial para evitar que personas y organizaciones queden atr\u00e1s.<\/p>\n\n\n\n<p>Pablo Ybarra subray\u00f3, adem\u00e1s, el valor de la <strong>colaboraci\u00f3n con CTA<\/strong> y con la <a href=\"https:\/\/educaedtech.com\/it\/noticias\/gruppo-educa-edtech-collaborazione-ugr\/\"><strong>Universit\u00e0 di Granada<\/strong><\/a> como parte del trabajo que el grupo viene desarrollando en torno a la innovaci\u00f3n, la capacitaci\u00f3n y la transferencia de conocimiento.<\/p>\n\n\n\n<blockquote class=\"wp-block-quote is-layout-flow wp-block-quote-is-layout-flow\">\n<p>\u201cHemos trabajado mucho de la mano de CTA y de la universidad. Hemos vivido muy de cerca lo que supone la brecha formativa digital. El entorno es muy competitivo y no podemos esperar. Pero adem\u00e1s, a trav\u00e9s de nuestra fundaci\u00f3n, dotamos de becas y trabajamos para cerrar esas brechas y acercar la formaci\u00f3n a la ciudadan\u00eda. Porque la innovaci\u00f3n tiene que tener impacto real en las personas\u201d, explic\u00f3.<\/p>\n\n\n\n<p><\/p>\n<\/blockquote>\n\n\n\n<p>El acto de inauguraci\u00f3n cont\u00f3 con la participaci\u00f3n institucional de representantes de CTA, el Ayuntamiento de Granada y la Universidad de Granada. Con su participaci\u00f3n en esta jornada, EDUCA EDTECH Group refuerza su posici\u00f3n como agente activo dentro del ecosistema innovador andaluz y consolida su compromiso con Granada como territorio de talento, conocimiento, tecnolog\u00eda y futuro.<\/p>\n\n\n\n<p><\/p>","protected":false},"excerpt":{"rendered":"<p>EDUCA EDTECH Group ha participado en la inauguraci\u00f3n de la nueva sede de CTA en Granada, un encuentro que refuerza [&hellip;]<\/p>","protected":false},"author":2,"featured_media":36691,"comment_status":"closed","ping_status":"closed","sticky":false,"template":"","format":"standard","meta":{"_acf_changed":false,"site-sidebar-layout":"default","site-content-layout":"","ast-site-content-layout":"","site-content-style":"default","site-sidebar-style":"default","ast-global-header-display":"","ast-banner-title-visibility":"","ast-main-header-display":"","ast-hfb-above-header-display":"","ast-hfb-below-header-display":"","ast-hfb-mobile-header-display":"","site-post-title":"","ast-breadcrumbs-content":"","ast-featured-img":"","footer-sml-layout":"","theme-transparent-header-meta":"","adv-header-id-meta":"","stick-header-meta":"","header-above-stick-meta":"","header-main-stick-meta":"","header-below-stick-meta":"","astra-migrate-meta-layouts":"default","ast-page-background-enabled":"default","ast-page-background-meta":{"desktop":{"background-color":"var(--ast-global-color-4)","background-image":"","background-repeat":"repeat","background-position":"center center","background-size":"auto","background-attachment":"scroll","background-type":"","background-media":"","overlay-type":"","overlay-color":"","overlay-opacity":"","overlay-gradient":""},"tablet":{"background-color":"","background-image":"","background-repeat":"repeat","background-position":"center center","background-size":"auto","background-attachment":"scroll","background-type":"","background-media":"","overlay-type":"","overlay-color":"","overlay-opacity":"","overlay-gradient":""},"mobile":{"background-color":"","background-image":"","background-repeat":"repeat","background-position":"center center","background-size":"auto","background-attachment":"scroll","background-type":"","background-media":"","overlay-type":"","overlay-color":"","overlay-opacity":"","overlay-gradient":""}},"ast-content-background-meta":{"desktop":{"background-color":"var(--ast-global-color-5)","background-image":"","background-repeat":"repeat","background-position":"center center","background-size":"auto","background-attachment":"scroll","background-type":"","background-media":"","overlay-type":"","overlay-color":"","overlay-opacity":"","overlay-gradient":""},"tablet":{"background-color":"var(--ast-global-color-5)","background-image":"","background-repeat":"repeat","background-position":"center center","background-size":"auto","background-attachment":"scroll","background-type":"","background-media":"","overlay-type":"","overlay-color":"","overlay-opacity":"","overlay-gradient":""},"mobile":{"background-color":"var(--ast-global-color-5)","background-image":"","background-repeat":"repeat","background-position":"center center","background-size":"auto","background-attachment":"scroll","background-type":"","background-media":"","overlay-type":"","overlay-color":"","overlay-opacity":"","overlay-gradient":""}},"footnotes":""},"categories":[1],"tags":[],"class_list":["post-36674","post","type-post","status-publish","format-standard","has-post-thumbnail","hentry","category-sin-categoria"],"acf":[],"yoast_head":"<!-- This site is optimized with the Yoast SEO plugin v23.4 - https:\/\/yoast.com\/wordpress\/plugins\/seo\/ -->\n<title>EDUCA EDTECH Group en la inauguraci\u00f3n de CTA en Granada<\/title>\n<meta name=\"description\" content=\"Pablo Ybarra, director B2B del grupo, particip\u00f3 en una mesa redonda sobre innovaci\u00f3n y transferencia de conocimiento\" \/>\n<meta name=\"robots\" content=\"index, follow, max-snippet:-1, max-image-preview:large, max-video-preview:-1\" \/>\n<link rel=\"canonical\" href=\"https:\/\/educaedtech.com\/it\/noticias\/educa-edtech-participa-en-inauguracion-cta-granada\/\" \/>\n<meta property=\"og:locale\" content=\"it_IT\" \/>\n<meta property=\"og:type\" content=\"article\" \/>\n<meta property=\"og:title\" content=\"EDUCA EDTECH Group en la inauguraci\u00f3n de CTA en Granada\" \/>\n<meta property=\"og:description\" content=\"Pablo Ybarra, director B2B del grupo, particip\u00f3 en una mesa redonda sobre innovaci\u00f3n y transferencia de conocimiento\" \/>\n<meta property=\"og:url\" content=\"https:\/\/educaedtech.com\/it\/noticias\/educa-edtech-participa-en-inauguracion-cta-granada\/\" \/>\n<meta property=\"og:site_name\" content=\"Grupo EDUCA EDTECH\" \/>\n<meta property=\"article:published_time\" content=\"2026-04-30T15:00:29+00:00\" \/>\n<meta property=\"article:modified_time\" content=\"2026-04-30T15:00:31+00:00\" \/>\n<meta property=\"og:image\" content=\"https:\/\/educaedtech.com\/wp-content\/uploads\/2026\/04\/educa-edtech-cta.png\" \/>\n\t<meta property=\"og:image:width\" content=\"600\" \/>\n\t<meta property=\"og:image:height\" content=\"400\" \/>\n\t<meta property=\"og:image:type\" content=\"image\/png\" \/>\n<meta name=\"author\" content=\"Bel\u00e9n Torres Ram\u00edrez\" \/>\n<meta name=\"twitter:card\" content=\"summary_large_image\" \/>\n<meta name=\"twitter:label1\" content=\"Scritto da\" \/>\n\t<meta name=\"twitter:data1\" content=\"Bel\u00e9n Torres Ram\u00edrez\" \/>\n\t<meta name=\"twitter:label2\" content=\"Tempo di lettura stimato\" \/>\n\t<meta name=\"twitter:data2\" content=\"3 minuti\" \/>\n<script type=\"application\/ld+json\" class=\"yoast-schema-graph\">{\"@context\":\"https:\/\/schema.org\",\"@graph\":[{\"@type\":\"Article\",\"@id\":\"https:\/\/educaedtech.com\/it\/noticias\/educa-edtech-participa-en-inauguracion-cta-granada\/#article\",\"isPartOf\":{\"@id\":\"https:\/\/educaedtech.com\/it\/noticias\/educa-edtech-participa-en-inauguracion-cta-granada\/\"},\"author\":{\"name\":\"Bel\u00e9n Torres Ram\u00edrez\",\"@id\":\"https:\/\/educaedtech.com\/it\/#\/schema\/person\/8364e46cac6b40171c0f1f92ef54b5e1\"},\"headline\":\"EDUCA EDTECH Group participa en la inauguraci\u00f3n de la nueva sede de CTA en Granada\",\"datePublished\":\"2026-04-30T15:00:29+00:00\",\"dateModified\":\"2026-04-30T15:00:31+00:00\",\"mainEntityOfPage\":{\"@id\":\"https:\/\/educaedtech.com\/it\/noticias\/educa-edtech-participa-en-inauguracion-cta-granada\/\"},\"wordCount\":862,\"publisher\":{\"@id\":\"https:\/\/educaedtech.com\/it\/#organization\"},\"image\":{\"@id\":\"https:\/\/educaedtech.com\/it\/noticias\/educa-edtech-participa-en-inauguracion-cta-granada\/#primaryimage\"},\"thumbnailUrl\":\"https:\/\/educaedtech.com\/wp-content\/uploads\/2026\/04\/educa-edtech-cta.png\",\"articleSection\":[\"Sin categor\u00eda\"],\"inLanguage\":\"it-IT\"},{\"@type\":\"WebPage\",\"@id\":\"https:\/\/educaedtech.com\/it\/noticias\/educa-edtech-participa-en-inauguracion-cta-granada\/\",\"url\":\"https:\/\/educaedtech.com\/it\/noticias\/educa-edtech-participa-en-inauguracion-cta-granada\/\",\"name\":\"EDUCA EDTECH Group en la inauguraci\u00f3n de CTA en Granada\",\"isPartOf\":{\"@id\":\"https:\/\/educaedtech.com\/it\/#website\"},\"primaryImageOfPage\":{\"@id\":\"https:\/\/educaedtech.com\/it\/noticias\/educa-edtech-participa-en-inauguracion-cta-granada\/#primaryimage\"},\"image\":{\"@id\":\"https:\/\/educaedtech.com\/it\/noticias\/educa-edtech-participa-en-inauguracion-cta-granada\/#primaryimage\"},\"thumbnailUrl\":\"https:\/\/educaedtech.com\/wp-content\/uploads\/2026\/04\/educa-edtech-cta.png\",\"datePublished\":\"2026-04-30T15:00:29+00:00\",\"dateModified\":\"2026-04-30T15:00:31+00:00\",\"description\":\"Pablo Ybarra, director B2B del grupo, particip\u00f3 en una mesa redonda sobre innovaci\u00f3n y transferencia de conocimiento\",\"breadcrumb\":{\"@id\":\"https:\/\/educaedtech.com\/it\/noticias\/educa-edtech-participa-en-inauguracion-cta-granada\/#breadcrumb\"},\"inLanguage\":\"it-IT\",\"potentialAction\":[{\"@type\":\"ReadAction\",\"target\":[\"https:\/\/educaedtech.com\/it\/noticias\/educa-edtech-participa-en-inauguracion-cta-granada\/\"]}]},{\"@type\":\"ImageObject\",\"inLanguage\":\"it-IT\",\"@id\":\"https:\/\/educaedtech.com\/it\/noticias\/educa-edtech-participa-en-inauguracion-cta-granada\/#primaryimage\",\"url\":\"https:\/\/educaedtech.com\/wp-content\/uploads\/2026\/04\/educa-edtech-cta.png\",\"contentUrl\":\"https:\/\/educaedtech.com\/wp-content\/uploads\/2026\/04\/educa-edtech-cta.png\",\"width\":600,\"height\":400,\"caption\":\"educa-edtech-cta\"},{\"@type\":\"BreadcrumbList\",\"@id\":\"https:\/\/educaedtech.com\/it\/noticias\/educa-edtech-participa-en-inauguracion-cta-granada\/#breadcrumb\",\"itemListElement\":[{\"@type\":\"ListItem\",\"position\":1,\"name\":\"Home\",\"item\":\"https:\/\/educaedtech.com\/\"},{\"@type\":\"ListItem\",\"position\":2,\"name\":\"EDUCA EDTECH Group participa en la inauguraci\u00f3n de la nueva sede de CTA en Granada\"}]},{\"@type\":\"WebSite\",\"@id\":\"https:\/\/educaedtech.com\/it\/#website\",\"url\":\"https:\/\/educaedtech.com\/it\/\",\"name\":\"Grupo EDUCA EDTECH\",\"description\":\"\",\"publisher\":{\"@id\":\"https:\/\/educaedtech.com\/it\/#organization\"},\"potentialAction\":[{\"@type\":\"SearchAction\",\"target\":{\"@type\":\"EntryPoint\",\"urlTemplate\":\"https:\/\/educaedtech.com\/it\/?s={search_term_string}\"},\"query-input\":{\"@type\":\"PropertyValueSpecification\",\"valueRequired\":true,\"valueName\":\"search_term_string\"}}],\"inLanguage\":\"it-IT\"},{\"@type\":\"Organization\",\"@id\":\"https:\/\/educaedtech.com\/it\/#organization\",\"name\":\"Grupo EDUCA EDTECH\",\"url\":\"https:\/\/educaedtech.com\/it\/\",\"logo\":{\"@type\":\"ImageObject\",\"inLanguage\":\"it-IT\",\"@id\":\"https:\/\/educaedtech.com\/it\/#\/schema\/logo\/image\/\",\"url\":\"https:\/\/educaedtech.com\/wp-content\/uploads\/2024\/01\/Logo-Educa-Edtech-Group-Blanco.svg\",\"contentUrl\":\"https:\/\/educaedtech.com\/wp-content\/uploads\/2024\/01\/Logo-Educa-Edtech-Group-Blanco.svg\",\"width\":317,\"height\":108,\"caption\":\"Grupo EDUCA EDTECH\"},\"image\":{\"@id\":\"https:\/\/educaedtech.com\/it\/#\/schema\/logo\/image\/\"}},{\"@type\":\"Person\",\"@id\":\"https:\/\/educaedtech.com\/it\/#\/schema\/person\/8364e46cac6b40171c0f1f92ef54b5e1\",\"name\":\"Bel\u00e9n Torres Ram\u00edrez\",\"image\":{\"@type\":\"ImageObject\",\"inLanguage\":\"it-IT\",\"@id\":\"https:\/\/educaedtech.com\/it\/#\/schema\/person\/image\/\",\"url\":\"https:\/\/secure.gravatar.com\/avatar\/92dc371335872efb592c9888f237fed60aa26a6063206459e62c9b0ace9013ee?s=96&d=mm&r=g\",\"contentUrl\":\"https:\/\/secure.gravatar.com\/avatar\/92dc371335872efb592c9888f237fed60aa26a6063206459e62c9b0ace9013ee?s=96&d=mm&r=g\",\"caption\":\"Bel\u00e9n Torres Ram\u00edrez\"},\"url\":\"https:\/\/educaedtech.com\/it\/author\/belen-torres\/\"}]}<\/script>\n<!-- \/ Yoast SEO plugin. -->","yoast_head_json":{"title":"EDUCA EDTECH Group en la inauguraci\u00f3n de CTA en Granada","description":"Pablo Ybarra, director B2B del grupo, particip\u00f3 en una mesa redonda sobre innovaci\u00f3n y transferencia de conocimiento","robots":{"index":"index","follow":"follow","max-snippet":"max-snippet:-1","max-image-preview":"max-image-preview:large","max-video-preview":"max-video-preview:-1"},"canonical":"https:\/\/educaedtech.com\/it\/noticias\/educa-edtech-participa-en-inauguracion-cta-granada\/","og_locale":"it_IT","og_type":"article","og_title":"EDUCA EDTECH Group en la inauguraci\u00f3n de CTA en Granada","og_description":"Pablo Ybarra, director B2B del grupo, particip\u00f3 en una mesa redonda sobre innovaci\u00f3n y transferencia de conocimiento","og_url":"https:\/\/educaedtech.com\/it\/noticias\/educa-edtech-participa-en-inauguracion-cta-granada\/","og_site_name":"Grupo EDUCA EDTECH","article_published_time":"2026-04-30T15:00:29+00:00","article_modified_time":"2026-04-30T15:00:31+00:00","og_image":[{"width":600,"height":400,"url":"https:\/\/educaedtech.com\/wp-content\/uploads\/2026\/04\/educa-edtech-cta.png","type":"image\/png"}],"author":"Bel\u00e9n Torres Ram\u00edrez","twitter_card":"summary_large_image","twitter_misc":{"Scritto da":"Bel\u00e9n Torres Ram\u00edrez","Tempo di lettura stimato":"3 minuti"},"schema":{"@context":"https:\/\/schema.org","@graph":[{"@type":"Article","@id":"https:\/\/educaedtech.com\/it\/noticias\/educa-edtech-participa-en-inauguracion-cta-granada\/#article","isPartOf":{"@id":"https:\/\/educaedtech.com\/it\/noticias\/educa-edtech-participa-en-inauguracion-cta-granada\/"},"author":{"name":"Bel\u00e9n Torres Ram\u00edrez","@id":"https:\/\/educaedtech.com\/it\/#\/schema\/person\/8364e46cac6b40171c0f1f92ef54b5e1"},"headline":"EDUCA EDTECH Group participa en la inauguraci\u00f3n de la nueva sede de CTA en Granada","datePublished":"2026-04-30T15:00:29+00:00","dateModified":"2026-04-30T15:00:31+00:00","mainEntityOfPage":{"@id":"https:\/\/educaedtech.com\/it\/noticias\/educa-edtech-participa-en-inauguracion-cta-granada\/"},"wordCount":862,"publisher":{"@id":"https:\/\/educaedtech.com\/it\/#organization"},"image":{"@id":"https:\/\/educaedtech.com\/it\/noticias\/educa-edtech-participa-en-inauguracion-cta-granada\/#primaryimage"},"thumbnailUrl":"https:\/\/educaedtech.com\/wp-content\/uploads\/2026\/04\/educa-edtech-cta.png","articleSection":["Sin categor\u00eda"],"inLanguage":"it-IT"},{"@type":"WebPage","@id":"https:\/\/educaedtech.com\/it\/noticias\/educa-edtech-participa-en-inauguracion-cta-granada\/","url":"https:\/\/educaedtech.com\/it\/noticias\/educa-edtech-participa-en-inauguracion-cta-granada\/","name":"EDUCA EDTECH Group en la inauguraci\u00f3n de CTA en Granada","isPartOf":{"@id":"https:\/\/educaedtech.com\/it\/#website"},"primaryImageOfPage":{"@id":"https:\/\/educaedtech.com\/it\/noticias\/educa-edtech-participa-en-inauguracion-cta-granada\/#primaryimage"},"image":{"@id":"https:\/\/educaedtech.com\/it\/noticias\/educa-edtech-participa-en-inauguracion-cta-granada\/#primaryimage"},"thumbnailUrl":"https:\/\/educaedtech.com\/wp-content\/uploads\/2026\/04\/educa-edtech-cta.png","datePublished":"2026-04-30T15:00:29+00:00","dateModified":"2026-04-30T15:00:31+00:00","description":"Pablo Ybarra, director B2B del grupo, particip\u00f3 en una mesa redonda sobre innovaci\u00f3n y transferencia de conocimiento","breadcrumb":{"@id":"https:\/\/educaedtech.com\/it\/noticias\/educa-edtech-participa-en-inauguracion-cta-granada\/#breadcrumb"},"inLanguage":"it-IT","potentialAction":[{"@type":"ReadAction","target":["https:\/\/educaedtech.com\/it\/noticias\/educa-edtech-participa-en-inauguracion-cta-granada\/"]}]},{"@type":"ImageObject","inLanguage":"it-IT","@id":"https:\/\/educaedtech.com\/it\/noticias\/educa-edtech-participa-en-inauguracion-cta-granada\/#primaryimage","url":"https:\/\/educaedtech.com\/wp-content\/uploads\/2026\/04\/educa-edtech-cta.png","contentUrl":"https:\/\/educaedtech.com\/wp-content\/uploads\/2026\/04\/educa-edtech-cta.png","width":600,"height":400,"caption":"educa-edtech-cta"},{"@type":"BreadcrumbList","@id":"https:\/\/educaedtech.com\/it\/noticias\/educa-edtech-participa-en-inauguracion-cta-granada\/#breadcrumb","itemListElement":[{"@type":"ListItem","position":1,"name":"Home","item":"https:\/\/educaedtech.com\/"},{"@type":"ListItem","position":2,"name":"EDUCA EDTECH Group participa en la inauguraci\u00f3n de la nueva sede de CTA en Granada"}]},{"@type":"WebSite","@id":"https:\/\/educaedtech.com\/it\/#website","url":"https:\/\/educaedtech.com\/it\/","name":"Grupo EDUCA EDTECH","description":"","publisher":{"@id":"https:\/\/educaedtech.com\/it\/#organization"},"potentialAction":[{"@type":"SearchAction","target":{"@type":"EntryPoint","urlTemplate":"https:\/\/educaedtech.com\/it\/?s={search_term_string}"},"query-input":{"@type":"PropertyValueSpecification","valueRequired":true,"valueName":"search_term_string"}}],"inLanguage":"it-IT"},{"@type":"Organization","@id":"https:\/\/educaedtech.com\/it\/#organization","name":"Grupo EDUCA EDTECH","url":"https:\/\/educaedtech.com\/it\/","logo":{"@type":"ImageObject","inLanguage":"it-IT","@id":"https:\/\/educaedtech.com\/it\/#\/schema\/logo\/image\/","url":"https:\/\/educaedtech.com\/wp-content\/uploads\/2024\/01\/Logo-Educa-Edtech-Group-Blanco.svg","contentUrl":"https:\/\/educaedtech.com\/wp-content\/uploads\/2024\/01\/Logo-Educa-Edtech-Group-Blanco.svg","width":317,"height":108,"caption":"Grupo EDUCA EDTECH"},"image":{"@id":"https:\/\/educaedtech.com\/it\/#\/schema\/logo\/image\/"}},{"@type":"Person","@id":"https:\/\/educaedtech.com\/it\/#\/schema\/person\/8364e46cac6b40171c0f1f92ef54b5e1","name":"Bel\u00e9n Torres Ram\u00edrez","image":{"@type":"ImageObject","inLanguage":"it-IT","@id":"https:\/\/educaedtech.com\/it\/#\/schema\/person\/image\/","url":"https:\/\/secure.gravatar.com\/avatar\/92dc371335872efb592c9888f237fed60aa26a6063206459e62c9b0ace9013ee?s=96&d=mm&r=g","contentUrl":"https:\/\/secure.gravatar.com\/avatar\/92dc371335872efb592c9888f237fed60aa26a6063206459e62c9b0ace9013ee?s=96&d=mm&r=g","caption":"Bel\u00e9n Torres Ram\u00edrez"},"url":"https:\/\/educaedtech.com\/it\/author\/belen-torres\/"}]}},"_links":{"self":[{"href":"https:\/\/educaedtech.com\/it\/wp-json\/wp\/v2\/posts\/36674","targetHints":{"allow":["GET"]}}],"collection":[{"href":"https:\/\/educaedtech.com\/it\/wp-json\/wp\/v2\/posts"}],"about":[{"href":"https:\/\/educaedtech.com\/it\/wp-json\/wp\/v2\/types\/post"}],"author":[{"embeddable":true,"href":"https:\/\/educaedtech.com\/it\/wp-json\/wp\/v2\/users\/2"}],"replies":[{"embeddable":true,"href":"https:\/\/educaedtech.com\/it\/wp-json\/wp\/v2\/comments?post=36674"}],"version-history":[{"count":1,"href":"https:\/\/educaedtech.com\/it\/wp-json\/wp\/v2\/posts\/36674\/revisions"}],"predecessor-version":[{"id":36695,"href":"https:\/\/educaedtech.com\/it\/wp-json\/wp\/v2\/posts\/36674\/revisions\/36695"}],"wp:featuredmedia":[{"embeddable":true,"href":"https:\/\/educaedtech.com\/it\/wp-json\/wp\/v2\/media\/36691"}],"wp:attachment":[{"href":"https:\/\/educaedtech.com\/it\/wp-json\/wp\/v2\/media?parent=36674"}],"wp:term":[{"taxonomy":"category","embeddable":true,"href":"https:\/\/educaedtech.com\/it\/wp-json\/wp\/v2\/categories?post=36674"},{"taxonomy":"post_tag","embeddable":true,"href":"https:\/\/educaedtech.com\/it\/wp-json\/wp\/v2\/tags?post=36674"}],"curies":[{"name":"wp","href":"https:\/\/api.w.org\/{rel}","templated":true}]}}