{"id":7420,"date":"2025-03-07T08:00:00","date_gmt":"2025-03-07T07:00:00","guid":{"rendered":"https:\/\/educaedtech.com\/?p=7420"},"modified":"2025-03-07T13:50:48","modified_gmt":"2025-03-07T12:50:48","slug":"ellaesstem-la-campana-por-las-mujeres-stem","status":"publish","type":"post","link":"https:\/\/educaedtech.com\/it\/noticias\/ellaesstem-la-campana-por-las-mujeres-stem\/","title":{"rendered":"#EllaEsSTEM: il Gruppo EDUCA EDTECH e il suo impegno per la leadership femminile in ambito STEM"},"content":{"rendered":"<p>Il ruolo del <strong>Donne STEM<\/strong> in campo scientifico, tecnologico, ingegneristico e matematico \u00e8 fondamentale per il progresso e l'innovazione in diversi settori. A <strong>Gruppo EDUCA EDTECH<\/strong>Siamo impegnati nella formazione come strumento per promuovere il talento femminile in queste discipline, e attraverso il nostro marchio <strong>Structuralia<\/strong>specializzati nella formazione STEM, abbiamo aiutato molti professionisti a raggiungere posizioni di leadership in grandi aziende.<\/p>\n\n\n\n<p>In occasione della <strong>Giornata internazionale della donna<\/strong>abbiamo lanciato la campagna <strong><a href=\"https:\/\/blog.structuralia.com\/\">#EllaEsTEM<\/a><\/strong>L'iniziativa mette in luce le carriere di donne che hanno fatto carriera nel settore STEM e che oggi ricoprono posizioni chiave nell'industria.<\/p>\n\n\n\n<h3 class=\"wp-block-heading has-medium-font-size\"><strong>Donne STEM con formazione strutturale alla guida del settore<\/strong><\/h3>\n\n\n\n<p>Nel corso della nostra traiettoria, abbiamo accompagnato centinaia di <strong>Donne STEM<\/strong> nella loro formazione, aiutandoli ad acquisire le competenze necessarie per sviluppare il loro potenziale in un mercato altamente competitivo. Molti di loro hanno partecipato a questa campagna, condividendo la loro esperienza, le loro sfide e la loro visione del futuro:<\/p>\n\n\n\n<ul class=\"wp-block-list\">\n<li><strong><a href=\"https:\/\/blog.structuralia.com\/entrevista-ella-es-stem-miriam-prada\">Miriam Prada<\/a><\/strong> - Ingegnere edile e designer di interni, direttore del Master BIM in Advanced Design of Interior Architecture presso Structuralia.<\/li>\n\n\n\n<li><a href=\"https:\/\/blog.structuralia.com\/entrevista-ella-hace-stem-laura-perez\"><strong>Laura P\u00e9rez Salazar<\/strong> <\/a>- Ingegnere tecnico industriale, ricercatore nell'area Next Construction presso Tecnalia Research &amp; Innovation.<\/li>\n\n\n\n<li><strong><a href=\"https:\/\/blog.structuralia.com\/entrevista-ella-es-stem-isabel-sanchez\">Isabel S\u00e1nchez<\/a><\/strong> - Gestione del rischio presso Volkswagen Financial Services, docente e relatore TEDx.<\/li>\n\n\n\n<li><strong><a href=\"https:\/\/blog.structuralia.com\/entrevista-ella-es-stem-carla-silva\">Carla Silva Otero<\/a><\/strong> - Architetto, consulente in riqualificazione urbana presso INECO, specialista in gestione di progetti territoriali.<\/li>\n\n\n\n<li><strong><a href=\"https:\/\/blog.structuralia.com\/entrevista-ella-es-stem-aida-santos\">Aida Santos Santamar\u00eda<\/a><\/strong> - Ingegnere civile, responsabile della progettazione di gallerie presso TYPSA e presidente del gruppo giovanile AETOS.<\/li>\n\n\n\n<li><strong><a href=\"https:\/\/blog.structuralia.com\/entrevista-ella-hace-stem-ursula-bobo\">\u00darsula Bobo Garc\u00eda<\/a><\/strong> - Ingegnere agrario, responsabile dell'innovazione sostenibile di Acciona Infraestructuras.<\/li>\n\n\n\n<li><strong><a href=\"https:\/\/blog.structuralia.com\/entrevista-ella-es-stem-andrea-manriquez\">Andrea E. Manr\u00edquez V.<\/a><\/strong> - Ingegnere petrolifero, esperto dell'industria del gas e dell'energia, ingegnere del trasporto del gas presso Gas Andes.<\/li>\n<\/ul>\n\n\n\n<p>Tutti loro hanno sviluppato le proprie competenze e conoscenze in ambito STEM e la loro testimonianza dimostra l'impatto della formazione specializzata nella costruzione di carriere solide e di successo.<\/p>\n\n\n\n<h3 class=\"wp-block-heading\"><strong>Sfide e opportunit\u00e0 per le donne STEM<\/strong><\/h3>\n\n\n\n<p>Durante la campagna <strong>#EllaEsTEM<\/strong>Abbiamo parlato con questi professionisti della loro esperienza nel settore e della loro visione del futuro. Tra i temi affrontati, spiccano i seguenti:<\/p>\n\n\n\n<ul class=\"wp-block-list\">\n<li><strong>Le sfide che hanno affrontato nel loro sviluppo professionale in ambito STEM.<\/strong><\/li>\n\n\n\n<li><strong>Il ruolo fondamentale dell'istruzione nella loro crescita e nell'accesso alle opportunit\u00e0.<\/strong><\/li>\n\n\n\n<li><strong>L'importanza di modelli e mentori per ispirare le nuove generazioni di donne STEM.<\/strong><\/li>\n\n\n\n<li><strong>Opportunit\u00e0 emergenti in settori quali l'ingegneria, la sostenibilit\u00e0 e la tecnologia.<\/strong><\/li>\n<\/ul>\n\n\n\n<h3 class=\"wp-block-heading\">L'impegno del Gruppo EDUCA EDTECH per l'uguaglianza nelle materie STEM<\/h3>\n\n\n\n<p>A <strong>Gruppo EDUCA EDTECH<\/strong>Lavoriamo ogni giorno per costruire un ambiente di uguaglianza e opportunit\u00e0. Attualmente, <strong>oltre il 50 % della nostra forza lavoro \u00e8 costituito da donne<\/strong>e il <strong>70,83 % dei nostri Team Leader sono donne<\/strong>che riflette il nostro impegno per lo sviluppo di talenti femminili nel settore dell'istruzione e delle STEM.<\/p>\n\n\n\n<p>Attraverso <strong>Structuralia<\/strong>Per garantire che un numero sempre maggiore di persone possa beneficiare dei nostri programmi di formazione innovativi, continuiamo a promuovere <strong>Donne STEM<\/strong> opportunit\u00e0 di accesso in settori strategici. Crediamo che la diversit\u00e0 sia un motore di crescita e che il talento femminile sia una parte essenziale del futuro del settore.<\/p>","protected":false},"excerpt":{"rendered":"<p>Il ruolo delle donne nelle discipline STEM (scienza, tecnologia, ingegneria e matematica) \u00e8 fondamentale per il futuro della [...]<\/p>","protected":false},"author":2,"featured_media":7425,"comment_status":"closed","ping_status":"closed","sticky":false,"template":"","format":"standard","meta":{"_acf_changed":false,"site-sidebar-layout":"default","site-content-layout":"","ast-site-content-layout":"","site-content-style":"default","site-sidebar-style":"default","ast-global-header-display":"","ast-banner-title-visibility":"","ast-main-header-display":"","ast-hfb-above-header-display":"","ast-hfb-below-header-display":"","ast-hfb-mobile-header-display":"","site-post-title":"","ast-breadcrumbs-content":"","ast-featured-img":"","footer-sml-layout":"","theme-transparent-header-meta":"","adv-header-id-meta":"","stick-header-meta":"","header-above-stick-meta":"","header-main-stick-meta":"","header-below-stick-meta":"","astra-migrate-meta-layouts":"default","ast-page-background-enabled":"default","ast-page-background-meta":{"desktop":{"background-color":"var(--ast-global-color-4)","background-image":"","background-repeat":"repeat","background-position":"center center","background-size":"auto","background-attachment":"scroll","background-type":"","background-media":"","overlay-type":"","overlay-color":"","overlay-opacity":"","overlay-gradient":""},"tablet":{"background-color":"","background-image":"","background-repeat":"repeat","background-position":"center center","background-size":"auto","background-attachment":"scroll","background-type":"","background-media":"","overlay-type":"","overlay-color":"","overlay-opacity":"","overlay-gradient":""},"mobile":{"background-color":"","background-image":"","background-repeat":"repeat","background-position":"center center","background-size":"auto","background-attachment":"scroll","background-type":"","background-media":"","overlay-type":"","overlay-color":"","overlay-opacity":"","overlay-gradient":""}},"ast-content-background-meta":{"desktop":{"background-color":"var(--ast-global-color-5)","background-image":"","background-repeat":"repeat","background-position":"center center","background-size":"auto","background-attachment":"scroll","background-type":"","background-media":"","overlay-type":"","overlay-color":"","overlay-opacity":"","overlay-gradient":""},"tablet":{"background-color":"var(--ast-global-color-5)","background-image":"","background-repeat":"repeat","background-position":"center center","background-size":"auto","background-attachment":"scroll","background-type":"","background-media":"","overlay-type":"","overlay-color":"","overlay-opacity":"","overlay-gradient":""},"mobile":{"background-color":"var(--ast-global-color-5)","background-image":"","background-repeat":"repeat","background-position":"center center","background-size":"auto","background-attachment":"scroll","background-type":"","background-media":"","overlay-type":"","overlay-color":"","overlay-opacity":"","overlay-gradient":""}},"footnotes":""},"categories":[1],"tags":[],"class_list":["post-7420","post","type-post","status-publish","format-standard","has-post-thumbnail","hentry","category-sin-categoria"],"acf":[],"yoast_head":"<!-- This site is optimized with the Yoast SEO plugin v23.4 - https:\/\/yoast.com\/wordpress\/plugins\/seo\/ -->\n<title>#EllaEsSTEM: La campa\u00f1a por las mujeres STEM<\/title>\n<meta name=\"description\" content=\"Descubre #EllaEsSTEM, la campa\u00f1a de EDUCA EDTECH Group y Structuralia que visibiliza el talento y liderazgo de las mujeres STEM.\" \/>\n<meta name=\"robots\" content=\"index, follow, max-snippet:-1, max-image-preview:large, max-video-preview:-1\" \/>\n<link rel=\"canonical\" href=\"https:\/\/educaedtech.com\/it\/noticias\/ellaesstem-la-campana-por-las-mujeres-stem\/\" \/>\n<meta property=\"og:locale\" content=\"it_IT\" \/>\n<meta property=\"og:type\" content=\"article\" \/>\n<meta property=\"og:title\" content=\"#EllaEsSTEM: La campa\u00f1a por las mujeres STEM\" \/>\n<meta property=\"og:description\" content=\"Descubre #EllaEsSTEM, la campa\u00f1a de EDUCA EDTECH Group y Structuralia que visibiliza el talento y liderazgo de las mujeres STEM.\" \/>\n<meta property=\"og:url\" content=\"https:\/\/educaedtech.com\/it\/noticias\/ellaesstem-la-campana-por-las-mujeres-stem\/\" \/>\n<meta property=\"og:site_name\" content=\"Grupo EDUCA EDTECH\" \/>\n<meta property=\"article:published_time\" content=\"2025-03-07T07:00:00+00:00\" \/>\n<meta property=\"article:modified_time\" content=\"2025-03-07T12:50:48+00:00\" \/>\n<meta property=\"og:image\" content=\"https:\/\/educaedtech.com\/wp-content\/uploads\/2025\/03\/8-de-marzo-Dia-internacional-de-la-mujer.png\" \/>\n\t<meta property=\"og:image:width\" content=\"1116\" \/>\n\t<meta property=\"og:image:height\" content=\"600\" \/>\n\t<meta property=\"og:image:type\" content=\"image\/png\" \/>\n<meta name=\"author\" content=\"Bel\u00e9n Torres Ram\u00edrez\" \/>\n<meta name=\"twitter:card\" content=\"summary_large_image\" \/>\n<meta name=\"twitter:label1\" content=\"Scritto da\" \/>\n\t<meta name=\"twitter:data1\" content=\"Bel\u00e9n Torres Ram\u00edrez\" \/>\n\t<meta name=\"twitter:label2\" content=\"Tempo di lettura stimato\" \/>\n\t<meta name=\"twitter:data2\" content=\"3 minuti\" \/>\n<script type=\"application\/ld+json\" class=\"yoast-schema-graph\">{\"@context\":\"https:\/\/schema.org\",\"@graph\":[{\"@type\":\"Article\",\"@id\":\"https:\/\/educaedtech.com\/it\/noticias\/ellaesstem-la-campana-por-las-mujeres-stem\/#article\",\"isPartOf\":{\"@id\":\"https:\/\/educaedtech.com\/it\/noticias\/ellaesstem-la-campana-por-las-mujeres-stem\/\"},\"author\":{\"name\":\"Bel\u00e9n Torres Ram\u00edrez\",\"@id\":\"https:\/\/educaedtech.com\/it\/#\/schema\/person\/8364e46cac6b40171c0f1f92ef54b5e1\"},\"headline\":\"#EllaEsSTEM: EDUCA EDTECH Group y su apuesta por el liderazgo femenino en STEM\",\"datePublished\":\"2025-03-07T07:00:00+00:00\",\"dateModified\":\"2025-03-07T12:50:48+00:00\",\"mainEntityOfPage\":{\"@id\":\"https:\/\/educaedtech.com\/it\/noticias\/ellaesstem-la-campana-por-las-mujeres-stem\/\"},\"wordCount\":566,\"publisher\":{\"@id\":\"https:\/\/educaedtech.com\/it\/#organization\"},\"image\":{\"@id\":\"https:\/\/educaedtech.com\/it\/noticias\/ellaesstem-la-campana-por-las-mujeres-stem\/#primaryimage\"},\"thumbnailUrl\":\"https:\/\/educaedtech.com\/wp-content\/uploads\/2025\/03\/8-de-marzo-Dia-internacional-de-la-mujer.png\",\"articleSection\":[\"Sin categor\u00eda\"],\"inLanguage\":\"it-IT\"},{\"@type\":\"WebPage\",\"@id\":\"https:\/\/educaedtech.com\/it\/noticias\/ellaesstem-la-campana-por-las-mujeres-stem\/\",\"url\":\"https:\/\/educaedtech.com\/it\/noticias\/ellaesstem-la-campana-por-las-mujeres-stem\/\",\"name\":\"#EllaEsSTEM: La campa\u00f1a por las mujeres STEM\",\"isPartOf\":{\"@id\":\"https:\/\/educaedtech.com\/it\/#website\"},\"primaryImageOfPage\":{\"@id\":\"https:\/\/educaedtech.com\/it\/noticias\/ellaesstem-la-campana-por-las-mujeres-stem\/#primaryimage\"},\"image\":{\"@id\":\"https:\/\/educaedtech.com\/it\/noticias\/ellaesstem-la-campana-por-las-mujeres-stem\/#primaryimage\"},\"thumbnailUrl\":\"https:\/\/educaedtech.com\/wp-content\/uploads\/2025\/03\/8-de-marzo-Dia-internacional-de-la-mujer.png\",\"datePublished\":\"2025-03-07T07:00:00+00:00\",\"dateModified\":\"2025-03-07T12:50:48+00:00\",\"description\":\"Descubre #EllaEsSTEM, la campa\u00f1a de EDUCA EDTECH Group y Structuralia que visibiliza el talento y liderazgo de las mujeres STEM.\",\"breadcrumb\":{\"@id\":\"https:\/\/educaedtech.com\/it\/noticias\/ellaesstem-la-campana-por-las-mujeres-stem\/#breadcrumb\"},\"inLanguage\":\"it-IT\",\"potentialAction\":[{\"@type\":\"ReadAction\",\"target\":[\"https:\/\/educaedtech.com\/it\/noticias\/ellaesstem-la-campana-por-las-mujeres-stem\/\"]}]},{\"@type\":\"ImageObject\",\"inLanguage\":\"it-IT\",\"@id\":\"https:\/\/educaedtech.com\/it\/noticias\/ellaesstem-la-campana-por-las-mujeres-stem\/#primaryimage\",\"url\":\"https:\/\/educaedtech.com\/wp-content\/uploads\/2025\/03\/8-de-marzo-Dia-internacional-de-la-mujer.png\",\"contentUrl\":\"https:\/\/educaedtech.com\/wp-content\/uploads\/2025\/03\/8-de-marzo-Dia-internacional-de-la-mujer.png\",\"width\":1116,\"height\":600,\"caption\":\"En EDUCA EDTECH Group entrevistamos a 6 mujeres STEM sobre los desaf\u00edos del sector. \u00a1Debes de leerlas!\"},{\"@type\":\"BreadcrumbList\",\"@id\":\"https:\/\/educaedtech.com\/it\/noticias\/ellaesstem-la-campana-por-las-mujeres-stem\/#breadcrumb\",\"itemListElement\":[{\"@type\":\"ListItem\",\"position\":1,\"name\":\"Home\",\"item\":\"https:\/\/educaedtech.com\/\"},{\"@type\":\"ListItem\",\"position\":2,\"name\":\"#EllaEsSTEM: EDUCA EDTECH Group y su apuesta por el liderazgo femenino en STEM\"}]},{\"@type\":\"WebSite\",\"@id\":\"https:\/\/educaedtech.com\/it\/#website\",\"url\":\"https:\/\/educaedtech.com\/it\/\",\"name\":\"Grupo EDUCA EDTECH\",\"description\":\"\",\"publisher\":{\"@id\":\"https:\/\/educaedtech.com\/it\/#organization\"},\"potentialAction\":[{\"@type\":\"SearchAction\",\"target\":{\"@type\":\"EntryPoint\",\"urlTemplate\":\"https:\/\/educaedtech.com\/it\/?s={search_term_string}\"},\"query-input\":{\"@type\":\"PropertyValueSpecification\",\"valueRequired\":true,\"valueName\":\"search_term_string\"}}],\"inLanguage\":\"it-IT\"},{\"@type\":\"Organization\",\"@id\":\"https:\/\/educaedtech.com\/it\/#organization\",\"name\":\"Grupo EDUCA EDTECH\",\"url\":\"https:\/\/educaedtech.com\/it\/\",\"logo\":{\"@type\":\"ImageObject\",\"inLanguage\":\"it-IT\",\"@id\":\"https:\/\/educaedtech.com\/it\/#\/schema\/logo\/image\/\",\"url\":\"https:\/\/educaedtech.com\/wp-content\/uploads\/2024\/01\/Logo-Educa-Edtech-Group-Blanco.svg\",\"contentUrl\":\"https:\/\/educaedtech.com\/wp-content\/uploads\/2024\/01\/Logo-Educa-Edtech-Group-Blanco.svg\",\"width\":317,\"height\":108,\"caption\":\"Grupo EDUCA EDTECH\"},\"image\":{\"@id\":\"https:\/\/educaedtech.com\/it\/#\/schema\/logo\/image\/\"}},{\"@type\":\"Person\",\"@id\":\"https:\/\/educaedtech.com\/it\/#\/schema\/person\/8364e46cac6b40171c0f1f92ef54b5e1\",\"name\":\"Bel\u00e9n Torres Ram\u00edrez\",\"image\":{\"@type\":\"ImageObject\",\"inLanguage\":\"it-IT\",\"@id\":\"https:\/\/educaedtech.com\/it\/#\/schema\/person\/image\/\",\"url\":\"https:\/\/secure.gravatar.com\/avatar\/92dc371335872efb592c9888f237fed60aa26a6063206459e62c9b0ace9013ee?s=96&d=mm&r=g\",\"contentUrl\":\"https:\/\/secure.gravatar.com\/avatar\/92dc371335872efb592c9888f237fed60aa26a6063206459e62c9b0ace9013ee?s=96&d=mm&r=g\",\"caption\":\"Bel\u00e9n Torres Ram\u00edrez\"},\"url\":\"https:\/\/educaedtech.com\/it\/author\/belen-torres\/\"}]}<\/script>\n<!-- \/ Yoast SEO plugin. -->","yoast_head_json":{"title":"#EllaEsSTEM: La campa\u00f1a por las mujeres STEM","description":"Descubre #EllaEsSTEM, la campa\u00f1a de EDUCA EDTECH Group y Structuralia que visibiliza el talento y liderazgo de las mujeres STEM.","robots":{"index":"index","follow":"follow","max-snippet":"max-snippet:-1","max-image-preview":"max-image-preview:large","max-video-preview":"max-video-preview:-1"},"canonical":"https:\/\/educaedtech.com\/it\/noticias\/ellaesstem-la-campana-por-las-mujeres-stem\/","og_locale":"it_IT","og_type":"article","og_title":"#EllaEsSTEM: La campa\u00f1a por las mujeres STEM","og_description":"Descubre #EllaEsSTEM, la campa\u00f1a de EDUCA EDTECH Group y Structuralia que visibiliza el talento y liderazgo de las mujeres STEM.","og_url":"https:\/\/educaedtech.com\/it\/noticias\/ellaesstem-la-campana-por-las-mujeres-stem\/","og_site_name":"Grupo EDUCA EDTECH","article_published_time":"2025-03-07T07:00:00+00:00","article_modified_time":"2025-03-07T12:50:48+00:00","og_image":[{"width":1116,"height":600,"url":"https:\/\/educaedtech.com\/wp-content\/uploads\/2025\/03\/8-de-marzo-Dia-internacional-de-la-mujer.png","type":"image\/png"}],"author":"Bel\u00e9n Torres Ram\u00edrez","twitter_card":"summary_large_image","twitter_misc":{"Scritto da":"Bel\u00e9n Torres Ram\u00edrez","Tempo di lettura stimato":"3 minuti"},"schema":{"@context":"https:\/\/schema.org","@graph":[{"@type":"Article","@id":"https:\/\/educaedtech.com\/it\/noticias\/ellaesstem-la-campana-por-las-mujeres-stem\/#article","isPartOf":{"@id":"https:\/\/educaedtech.com\/it\/noticias\/ellaesstem-la-campana-por-las-mujeres-stem\/"},"author":{"name":"Bel\u00e9n Torres Ram\u00edrez","@id":"https:\/\/educaedtech.com\/it\/#\/schema\/person\/8364e46cac6b40171c0f1f92ef54b5e1"},"headline":"#EllaEsSTEM: EDUCA EDTECH Group y su apuesta por el liderazgo femenino en STEM","datePublished":"2025-03-07T07:00:00+00:00","dateModified":"2025-03-07T12:50:48+00:00","mainEntityOfPage":{"@id":"https:\/\/educaedtech.com\/it\/noticias\/ellaesstem-la-campana-por-las-mujeres-stem\/"},"wordCount":566,"publisher":{"@id":"https:\/\/educaedtech.com\/it\/#organization"},"image":{"@id":"https:\/\/educaedtech.com\/it\/noticias\/ellaesstem-la-campana-por-las-mujeres-stem\/#primaryimage"},"thumbnailUrl":"https:\/\/educaedtech.com\/wp-content\/uploads\/2025\/03\/8-de-marzo-Dia-internacional-de-la-mujer.png","articleSection":["Sin categor\u00eda"],"inLanguage":"it-IT"},{"@type":"WebPage","@id":"https:\/\/educaedtech.com\/it\/noticias\/ellaesstem-la-campana-por-las-mujeres-stem\/","url":"https:\/\/educaedtech.com\/it\/noticias\/ellaesstem-la-campana-por-las-mujeres-stem\/","name":"#EllaEsSTEM: La campa\u00f1a por las mujeres STEM","isPartOf":{"@id":"https:\/\/educaedtech.com\/it\/#website"},"primaryImageOfPage":{"@id":"https:\/\/educaedtech.com\/it\/noticias\/ellaesstem-la-campana-por-las-mujeres-stem\/#primaryimage"},"image":{"@id":"https:\/\/educaedtech.com\/it\/noticias\/ellaesstem-la-campana-por-las-mujeres-stem\/#primaryimage"},"thumbnailUrl":"https:\/\/educaedtech.com\/wp-content\/uploads\/2025\/03\/8-de-marzo-Dia-internacional-de-la-mujer.png","datePublished":"2025-03-07T07:00:00+00:00","dateModified":"2025-03-07T12:50:48+00:00","description":"Descubre #EllaEsSTEM, la campa\u00f1a de EDUCA EDTECH Group y Structuralia que visibiliza el talento y liderazgo de las mujeres STEM.","breadcrumb":{"@id":"https:\/\/educaedtech.com\/it\/noticias\/ellaesstem-la-campana-por-las-mujeres-stem\/#breadcrumb"},"inLanguage":"it-IT","potentialAction":[{"@type":"ReadAction","target":["https:\/\/educaedtech.com\/it\/noticias\/ellaesstem-la-campana-por-las-mujeres-stem\/"]}]},{"@type":"ImageObject","inLanguage":"it-IT","@id":"https:\/\/educaedtech.com\/it\/noticias\/ellaesstem-la-campana-por-las-mujeres-stem\/#primaryimage","url":"https:\/\/educaedtech.com\/wp-content\/uploads\/2025\/03\/8-de-marzo-Dia-internacional-de-la-mujer.png","contentUrl":"https:\/\/educaedtech.com\/wp-content\/uploads\/2025\/03\/8-de-marzo-Dia-internacional-de-la-mujer.png","width":1116,"height":600,"caption":"En EDUCA EDTECH Group entrevistamos a 6 mujeres STEM sobre los desaf\u00edos del sector. \u00a1Debes de leerlas!"},{"@type":"BreadcrumbList","@id":"https:\/\/educaedtech.com\/it\/noticias\/ellaesstem-la-campana-por-las-mujeres-stem\/#breadcrumb","itemListElement":[{"@type":"ListItem","position":1,"name":"Home","item":"https:\/\/educaedtech.com\/"},{"@type":"ListItem","position":2,"name":"#EllaEsSTEM: EDUCA EDTECH Group y su apuesta por el liderazgo femenino en STEM"}]},{"@type":"WebSite","@id":"https:\/\/educaedtech.com\/it\/#website","url":"https:\/\/educaedtech.com\/it\/","name":"Grupo EDUCA EDTECH","description":"","publisher":{"@id":"https:\/\/educaedtech.com\/it\/#organization"},"potentialAction":[{"@type":"SearchAction","target":{"@type":"EntryPoint","urlTemplate":"https:\/\/educaedtech.com\/it\/?s={search_term_string}"},"query-input":{"@type":"PropertyValueSpecification","valueRequired":true,"valueName":"search_term_string"}}],"inLanguage":"it-IT"},{"@type":"Organization","@id":"https:\/\/educaedtech.com\/it\/#organization","name":"Grupo EDUCA EDTECH","url":"https:\/\/educaedtech.com\/it\/","logo":{"@type":"ImageObject","inLanguage":"it-IT","@id":"https:\/\/educaedtech.com\/it\/#\/schema\/logo\/image\/","url":"https:\/\/educaedtech.com\/wp-content\/uploads\/2024\/01\/Logo-Educa-Edtech-Group-Blanco.svg","contentUrl":"https:\/\/educaedtech.com\/wp-content\/uploads\/2024\/01\/Logo-Educa-Edtech-Group-Blanco.svg","width":317,"height":108,"caption":"Grupo EDUCA EDTECH"},"image":{"@id":"https:\/\/educaedtech.com\/it\/#\/schema\/logo\/image\/"}},{"@type":"Person","@id":"https:\/\/educaedtech.com\/it\/#\/schema\/person\/8364e46cac6b40171c0f1f92ef54b5e1","name":"Bel\u00e9n Torres Ram\u00edrez","image":{"@type":"ImageObject","inLanguage":"it-IT","@id":"https:\/\/educaedtech.com\/it\/#\/schema\/person\/image\/","url":"https:\/\/secure.gravatar.com\/avatar\/92dc371335872efb592c9888f237fed60aa26a6063206459e62c9b0ace9013ee?s=96&d=mm&r=g","contentUrl":"https:\/\/secure.gravatar.com\/avatar\/92dc371335872efb592c9888f237fed60aa26a6063206459e62c9b0ace9013ee?s=96&d=mm&r=g","caption":"Bel\u00e9n Torres Ram\u00edrez"},"url":"https:\/\/educaedtech.com\/it\/author\/belen-torres\/"}]}},"_links":{"self":[{"href":"https:\/\/educaedtech.com\/it\/wp-json\/wp\/v2\/posts\/7420","targetHints":{"allow":["GET"]}}],"collection":[{"href":"https:\/\/educaedtech.com\/it\/wp-json\/wp\/v2\/posts"}],"about":[{"href":"https:\/\/educaedtech.com\/it\/wp-json\/wp\/v2\/types\/post"}],"author":[{"embeddable":true,"href":"https:\/\/educaedtech.com\/it\/wp-json\/wp\/v2\/users\/2"}],"replies":[{"embeddable":true,"href":"https:\/\/educaedtech.com\/it\/wp-json\/wp\/v2\/comments?post=7420"}],"version-history":[{"count":4,"href":"https:\/\/educaedtech.com\/it\/wp-json\/wp\/v2\/posts\/7420\/revisions"}],"predecessor-version":[{"id":7439,"href":"https:\/\/educaedtech.com\/it\/wp-json\/wp\/v2\/posts\/7420\/revisions\/7439"}],"wp:featuredmedia":[{"embeddable":true,"href":"https:\/\/educaedtech.com\/it\/wp-json\/wp\/v2\/media\/7425"}],"wp:attachment":[{"href":"https:\/\/educaedtech.com\/it\/wp-json\/wp\/v2\/media?parent=7420"}],"wp:term":[{"taxonomy":"category","embeddable":true,"href":"https:\/\/educaedtech.com\/it\/wp-json\/wp\/v2\/categories?post=7420"},{"taxonomy":"post_tag","embeddable":true,"href":"https:\/\/educaedtech.com\/it\/wp-json\/wp\/v2\/tags?post=7420"}],"curies":[{"name":"wp","href":"https:\/\/api.w.org\/{rel}","templated":true}]}}