{"id":35671,"date":"2026-04-28T11:56:15","date_gmt":"2026-04-28T09:56:15","guid":{"rendered":"https:\/\/educaedtech.com\/?p=35671"},"modified":"2026-04-28T11:56:21","modified_gmt":"2026-04-28T09:56:21","slug":"santiago-ruiz-de-velasco-entrevista-canal-sur-radio","status":"publish","type":"post","link":"https:\/\/educaedtech.com\/pt\/noticias\/santiago-ruiz-de-velasco-entrevista-canal-sur-radio\/","title":{"rendered":"Santiago Ruiz de Velasco sit\u00faa Granada en el mapa EdTech"},"content":{"rendered":"<ul class=\"wp-block-list\">\n<li><strong>El CEO de EDUCA EDTECH Group particip\u00f3 en <em>El Mirador de Andaluc\u00eda<\/em>, de Canal Sur Radio, donde abord\u00f3 su llegada al grupo, el desarrollo de herramientas propias de inteligencia artificial como PHIA y EducaLLM, y el papel de Andaluc\u00eda en la atracci\u00f3n y retenci\u00f3n de talento tecnol\u00f3gico.<\/strong><\/li>\n<\/ul>\n\n\n\n<p><\/p>\n\n\n\n<p>EDUCA EDTECH Group ha sido protagonista en <em>El Mirador de Andaluc\u00eda<\/em>, el programa de actualidad de <strong>Canal Sur Radio<\/strong> dirigido por Natalia Barn\u00e9s, con la intervenci\u00f3n de <a href=\"https:\/\/educaedtech.com\/pt\/noticias\/educa-edtech-group-nombra-nuevo-ceo\/\" target=\"_blank\" rel=\"noreferrer noopener\"><strong>su nuevo CEO<\/strong><\/a>, Santiago Ruiz de Velasco. Durante la entrevista, Barn\u00e9s se refiri\u00f3 al grupo como un<strong> \u201cgigante granadino en educaci\u00f3n\u201d<\/strong>, una expresi\u00f3n que enmarc\u00f3 una conversaci\u00f3n centrada en la <strong>inova\u00e7\u00e3o educativa<\/strong>a <strong>intelig\u00eancia artificial<\/strong> e o<strong> talento andaluz.<\/strong><\/p>\n\n\n\n<p>Pueden escuchar la entrevista completa en <a href=\"https:\/\/www.canalsur.es\/radio\/programas\/el-mirador-de-andalucia\/detalle\/2406172.html?video=2268594\" target=\"_blank\" rel=\"noreferrer noopener nofollow\">El Mirador de Andaluc\u00eda de Canal Sur Radio<\/a> a continuaci\u00f3n:<\/p>\n\n\n\n<figure class=\"wp-block-audio\"><audio controls src=\"https:\/\/educaedtech.com\/wp-content\/uploads\/2026\/04\/entrevista-completa-Santiago-Canal-sur.mp3\"><\/audio><\/figure>\n\n\n\n<p>Ruiz de Velasco explic\u00f3 qu\u00e9 le llev\u00f3 a incorporarse a EDUCA EDTECH Group, destacando el car\u00e1cter humano, tecnol\u00f3gico e internacional del proyecto:<\/p>\n\n\n\n<blockquote class=\"wp-block-quote is-layout-flow wp-block-quote-is-layout-flow\">\n<p>\u201cLo que me sedujo es que vi una empresa totalmente comprometida con la educaci\u00f3n y con enormes ganas de transformar y ayudar en este momento, que muta extremadamente en cuanto a las nuevas tecnolog\u00edas y las nuevas formas de aprender y ense\u00f1ar\u201d, se\u00f1al\u00f3 durante la entrevista.<\/p>\n<\/blockquote>\n\n\n\n<p>El CEO a\u00f1adi\u00f3 que su llegada al grupo responde tambi\u00e9n a la oportunidad de aportar su experiencia en una compa\u00f1\u00eda \u201cespa\u00f1ola, andaluza e internacional\u201d, en un momento en el que la educaci\u00f3n online vive una transformaci\u00f3n profunda marcada por la <strong>tecnologia<\/strong>a <strong>personaliza\u00e7\u00e3o da aprendizagem<\/strong> y las nuevas necesidades del <strong>mercado laboral<\/strong>.<\/p>\n\n\n\n<h2 class=\"wp-block-heading has-medium-font-size\">Granada como punto de partida para innovar<\/h2>\n\n\n\n<p>Uno de los ejes de la conversaci\u00f3n fue el papel de Granada y Andaluc\u00eda como espacios capaces de generar innovaci\u00f3n, atraer talento y desarrollar proyectos tecnol\u00f3gicos con alcance internacional.<\/p>\n\n\n\n<p>\u201cLas ideas cada vez tienen menos localizaci\u00f3n, se basa en seguir el talento. Granada es una de las cunas universitarias y de conocimiento. No hay un sitio m\u00e1s apropiado para seguir revolucionando y ser innovadores\u201d, afirm\u00f3 Ruiz de Velasco.<\/p>\n\n\n\n<p>En este sentido, defendi\u00f3 que la innovaci\u00f3n ya no debe entenderse como una realidad exclusiva de las grandes capitales. <\/p>\n\n\n\n<blockquote class=\"wp-block-quote is-layout-flow wp-block-quote-is-layout-flow\">\n<p>\u201cLa tendencia que tenemos siempre a las grandes ciudades y pensar que toda la innovaci\u00f3n tiene que ir a estos dos grandes centros est\u00e1 un poco desactualizada\u201d, apunt\u00f3.<\/p>\n<\/blockquote>\n\n\n\n<p>Esta visi\u00f3n conecta con la propia evoluci\u00f3n de EDUCA EDTECH Group, que ha consolidado en Granada su sede central y uno de sus principales espacios de desarrollo tecnol\u00f3gico aplicado a la educaci\u00f3n online.<\/p>\n\n\n\n<h2 class=\"wp-block-heading has-medium-font-size\">PHIA, una IA pensada para aprender<\/h2>\n\n\n\n<p>La entrevista tambi\u00e9n abord\u00f3 el desarrollo de herramientas propias de inteligencia artificial, entre ellas <strong><a href=\"https:\/\/educaedtech.com\/pt\/noticias\/educa-edtech-group-lanca-o-phia\/\" target=\"_blank\" rel=\"noreferrer noopener\">PHIA<\/a><\/strong>, la mentora digital de EDUCA EDTECH Group dise\u00f1ada para acompa\u00f1ar al estudiante dentro de su proceso formativo.<\/p>\n\n\n\n<p>Preguntado por la diferencia entre PHIA y otros modelos generalistas como ChatGPT o Gemini, Ruiz de Velasco subray\u00f3 que su valor est\u00e1 precisamente en su especializaci\u00f3n educativa. <\/p>\n\n\n\n<blockquote class=\"wp-block-quote is-layout-flow wp-block-quote-is-layout-flow\">\n<p>\u201cPHIA trabaja con informaci\u00f3n espec\u00edfica. No trabaja con informaci\u00f3n que no est\u00e9 enfocada a mejorar el aprendizaje, a la pedagog\u00eda o a la instrucci\u00f3n de los estudiantes\u201d, explic\u00f3.<\/p>\n<\/blockquote>\n\n\n\n<p>El CEO insisti\u00f3 en que el objetivo de esta herramienta no es sustituir el esfuerzo intelectual del alumno, sino acompa\u00f1arlo de forma \u00fatil y contextualizada. \u201cNo queremos que sea un ChatGPT o un Gemini, queremos que sea un asistente, una ayuda\u201d, afirm\u00f3.<\/p>\n\n\n\n<p>En la entrevista tambi\u00e9n destac\u00f3 una idea clave para el desarrollo de la tecnolog\u00eda educativa: el <strong>pensamiento cr\u00edtico<\/strong>. Para Ruiz de Velasco, el verdadero reto no est\u00e1 solo en incorporar inteligencia artificial al aprendizaje, sino en hacerlo de forma responsable, midiendo su impacto y ajustando su uso para que mejore la experiencia real del estudiante.<\/p>\n\n\n\n<h2 class=\"wp-block-heading has-medium-font-size\">EducaLLM y la tecnolog\u00eda nacida desde Granada<\/h2>\n\n\n\n<p>Otro de los puntos tratados fue <strong>EducaLLM<\/strong>, el modelo de lenguaje propio desarrollado por EDUCA EDTECH Group. Ruiz de Velasco explic\u00f3 que este proyecto nace de la visi\u00f3n tecnol\u00f3gica del grupo y del impulso de un equipo que trabaja desde Granada para aportar nuevas soluciones al sector educativo.<\/p>\n\n\n\n<p>Durante su intervenci\u00f3n, tambi\u00e9n hizo referencia al papel de Aurica como compa\u00f1ero estrat\u00e9gico en el desarrollo de esta visi\u00f3n. Seg\u00fan se\u00f1al\u00f3, Aurica act\u00faa como catalizador para impulsar ideas, atraer capital intelectual y buscar socios adecuados que permitan seguir avanzando en innovaci\u00f3n educativa.<\/p>\n\n\n\n<blockquote class=\"wp-block-quote is-layout-flow wp-block-quote-is-layout-flow\">\n<p>\u201cLas ideas generadas por el equipo de Granada son las que piensan hacia d\u00f3nde podemos contribuir y mejorar la educaci\u00f3n que ofrecemos a nuestros estudiantes\u201d, afirm\u00f3.<\/p>\n<\/blockquote>\n\n\n\n<h2 class=\"wp-block-heading has-medium-font-size\">Retener talento tambi\u00e9n es crear oportunidades<\/h2>\n\n\n\n<p>La conversaci\u00f3n cerr\u00f3 con una reflexi\u00f3n sobre el <a href=\"https:\/\/educaedtech.com\/pt\/noticias\/o-grupo-educa-edtech-associa-se-a-ai-granada\/\"><\/a><strong><a href=\"https:\/\/educaedtech.com\/pt\/noticias\/o-grupo-educa-edtech-associa-se-a-ai-granada\/\">talento EdTech en Andaluc\u00eda<\/a> <\/strong>y el papel de empresas, instituciones y administraciones p\u00fablicas para generar oportunidades profesionales sin obligar a las personas a marcharse.<\/p>\n\n\n\n<blockquote class=\"wp-block-quote is-layout-flow wp-block-quote-is-layout-flow\">\n<p>\u201cNosotros trabajamos mucho para dar una visi\u00f3n de que para triunfar y progresar no hace falta irse. Intentar atraer el talento y que se quede el talento\u201d, destac\u00f3 Ruiz de Velasco.<\/p>\n<\/blockquote>\n\n\n\n<p>El CEO reconoci\u00f3 adem\u00e1s el trabajo realizado en Andaluc\u00eda durante los \u00faltimos a\u00f1os y anim\u00f3 a las administraciones a mantener esa direcci\u00f3n: \u201cEn mi experiencia en empresas internacionales, veo que las personas miran a Andaluc\u00eda para venir a trabajar y buscar innovaci\u00f3n\u201d.<\/p>\n\n\n\n<p>Puede escuchar el programa completo de El Mirador de Andaluc\u00eda en el siguiente <strong><a href=\"https:\/\/www.canalsur.es\/radio\/programas\/el-mirador-de-andalucia\/detalle\/2406172.html?video=2268594\" target=\"_blank\" rel=\"noreferrer noopener nofollow\">enlace<\/a><\/strong>.<\/p>\n\n\n\n<p>Con su intervenci\u00f3n en Canal Sur Radio, <strong>Santiago Ruiz de Velasco<\/strong> refuerza una de las principales l\u00edneas de posicionamiento de <strong>Grupo EDUCA EDTECH<\/strong>: demostrar que la educaci\u00f3n online, la inteligencia artificial y el talento pueden avanzar desde Andaluc\u00eda con vocaci\u00f3n internacional, sin perder de vista el prop\u00f3sito que sostiene todo el proyecto: mejorar la forma en la que las personas aprenden, se especializan y acceden a nuevas oportunidades.<\/p>","protected":false},"excerpt":{"rendered":"<p>EDUCA EDTECH Group ha sido protagonista en El Mirador de Andaluc\u00eda, el programa de actualidad de Canal Sur Radio dirigido [&hellip;]<\/p>","protected":false},"author":2,"featured_media":35688,"comment_status":"closed","ping_status":"closed","sticky":false,"template":"","format":"standard","meta":{"_acf_changed":false,"site-sidebar-layout":"default","site-content-layout":"","ast-site-content-layout":"","site-content-style":"default","site-sidebar-style":"default","ast-global-header-display":"","ast-banner-title-visibility":"","ast-main-header-display":"","ast-hfb-above-header-display":"","ast-hfb-below-header-display":"","ast-hfb-mobile-header-display":"","site-post-title":"","ast-breadcrumbs-content":"","ast-featured-img":"","footer-sml-layout":"","theme-transparent-header-meta":"","adv-header-id-meta":"","stick-header-meta":"","header-above-stick-meta":"","header-main-stick-meta":"","header-below-stick-meta":"","astra-migrate-meta-layouts":"default","ast-page-background-enabled":"default","ast-page-background-meta":{"desktop":{"background-color":"var(--ast-global-color-4)","background-image":"","background-repeat":"repeat","background-position":"center center","background-size":"auto","background-attachment":"scroll","background-type":"","background-media":"","overlay-type":"","overlay-color":"","overlay-opacity":"","overlay-gradient":""},"tablet":{"background-color":"","background-image":"","background-repeat":"repeat","background-position":"center center","background-size":"auto","background-attachment":"scroll","background-type":"","background-media":"","overlay-type":"","overlay-color":"","overlay-opacity":"","overlay-gradient":""},"mobile":{"background-color":"","background-image":"","background-repeat":"repeat","background-position":"center center","background-size":"auto","background-attachment":"scroll","background-type":"","background-media":"","overlay-type":"","overlay-color":"","overlay-opacity":"","overlay-gradient":""}},"ast-content-background-meta":{"desktop":{"background-color":"var(--ast-global-color-5)","background-image":"","background-repeat":"repeat","background-position":"center center","background-size":"auto","background-attachment":"scroll","background-type":"","background-media":"","overlay-type":"","overlay-color":"","overlay-opacity":"","overlay-gradient":""},"tablet":{"background-color":"var(--ast-global-color-5)","background-image":"","background-repeat":"repeat","background-position":"center center","background-size":"auto","background-attachment":"scroll","background-type":"","background-media":"","overlay-type":"","overlay-color":"","overlay-opacity":"","overlay-gradient":""},"mobile":{"background-color":"var(--ast-global-color-5)","background-image":"","background-repeat":"repeat","background-position":"center center","background-size":"auto","background-attachment":"scroll","background-type":"","background-media":"","overlay-type":"","overlay-color":"","overlay-opacity":"","overlay-gradient":""}},"footnotes":""},"categories":[1],"tags":[],"class_list":["post-35671","post","type-post","status-publish","format-standard","has-post-thumbnail","hentry","category-sin-categoria"],"acf":[],"yoast_head":"<!-- This site is optimized with the Yoast SEO plugin v23.4 - https:\/\/yoast.com\/wordpress\/plugins\/seo\/ -->\n<title>Santiago Ruiz de Velasco defiende la innovaci\u00f3n EdTech<\/title>\n<meta name=\"description\" content=\"Santiago Ruiz de Velasco, CEO de EDUCA EDTECH Group, interviene en Canal Sur Radio para hablar de PHIA, EducaLLM e innovaci\u00f3n educativa.\" \/>\n<meta name=\"robots\" content=\"index, follow, max-snippet:-1, max-image-preview:large, max-video-preview:-1\" \/>\n<link rel=\"canonical\" href=\"https:\/\/educaedtech.com\/pt\/noticias\/santiago-ruiz-de-velasco-entrevista-canal-sur-radio\/\" \/>\n<meta property=\"og:locale\" content=\"pt_PT\" \/>\n<meta property=\"og:type\" content=\"article\" \/>\n<meta property=\"og:title\" content=\"Santiago Ruiz de Velasco defiende la innovaci\u00f3n EdTech\" \/>\n<meta property=\"og:description\" content=\"Santiago Ruiz de Velasco, CEO de EDUCA EDTECH Group, interviene en Canal Sur Radio para hablar de PHIA, EducaLLM e innovaci\u00f3n educativa.\" \/>\n<meta property=\"og:url\" content=\"https:\/\/educaedtech.com\/pt\/noticias\/santiago-ruiz-de-velasco-entrevista-canal-sur-radio\/\" \/>\n<meta property=\"og:site_name\" content=\"Grupo EDUCA EDTECH\" \/>\n<meta property=\"article:published_time\" content=\"2026-04-28T09:56:15+00:00\" \/>\n<meta property=\"article:modified_time\" content=\"2026-04-28T09:56:21+00:00\" \/>\n<meta property=\"og:image\" content=\"https:\/\/educaedtech.com\/wp-content\/uploads\/2026\/04\/santiago-ruiz-entrevista-canal-sur-radio-1.png\" \/>\n\t<meta property=\"og:image:width\" content=\"600\" \/>\n\t<meta property=\"og:image:height\" content=\"400\" \/>\n\t<meta property=\"og:image:type\" content=\"image\/png\" \/>\n<meta name=\"author\" content=\"Bel\u00e9n Torres Ram\u00edrez\" \/>\n<meta name=\"twitter:card\" content=\"summary_large_image\" \/>\n<meta name=\"twitter:label1\" content=\"Escrito por\" \/>\n\t<meta name=\"twitter:data1\" content=\"Bel\u00e9n Torres Ram\u00edrez\" \/>\n\t<meta name=\"twitter:label2\" content=\"Tempo estimado de leitura\" \/>\n\t<meta name=\"twitter:data2\" content=\"4 minutos\" \/>\n<script type=\"application\/ld+json\" class=\"yoast-schema-graph\">{\"@context\":\"https:\/\/schema.org\",\"@graph\":[{\"@type\":\"Article\",\"@id\":\"https:\/\/educaedtech.com\/pt\/noticias\/santiago-ruiz-de-velasco-entrevista-canal-sur-radio\/#article\",\"isPartOf\":{\"@id\":\"https:\/\/educaedtech.com\/pt\/noticias\/santiago-ruiz-de-velasco-entrevista-canal-sur-radio\/\"},\"author\":{\"name\":\"Bel\u00e9n Torres Ram\u00edrez\",\"@id\":\"https:\/\/educaedtech.com\/pt\/#\/schema\/person\/8364e46cac6b40171c0f1f92ef54b5e1\"},\"headline\":\"Santiago Ruiz de Velasco sit\u00faa Granada en el mapa EdTech\",\"datePublished\":\"2026-04-28T09:56:15+00:00\",\"dateModified\":\"2026-04-28T09:56:21+00:00\",\"mainEntityOfPage\":{\"@id\":\"https:\/\/educaedtech.com\/pt\/noticias\/santiago-ruiz-de-velasco-entrevista-canal-sur-radio\/\"},\"wordCount\":1008,\"publisher\":{\"@id\":\"https:\/\/educaedtech.com\/pt\/#organization\"},\"image\":{\"@id\":\"https:\/\/educaedtech.com\/pt\/noticias\/santiago-ruiz-de-velasco-entrevista-canal-sur-radio\/#primaryimage\"},\"thumbnailUrl\":\"https:\/\/educaedtech.com\/wp-content\/uploads\/2026\/04\/santiago-ruiz-entrevista-canal-sur-radio-1.png\",\"articleSection\":[\"Sin categor\u00eda\"],\"inLanguage\":\"pt-PT\"},{\"@type\":\"WebPage\",\"@id\":\"https:\/\/educaedtech.com\/pt\/noticias\/santiago-ruiz-de-velasco-entrevista-canal-sur-radio\/\",\"url\":\"https:\/\/educaedtech.com\/pt\/noticias\/santiago-ruiz-de-velasco-entrevista-canal-sur-radio\/\",\"name\":\"Santiago Ruiz de Velasco defiende la innovaci\u00f3n EdTech\",\"isPartOf\":{\"@id\":\"https:\/\/educaedtech.com\/pt\/#website\"},\"primaryImageOfPage\":{\"@id\":\"https:\/\/educaedtech.com\/pt\/noticias\/santiago-ruiz-de-velasco-entrevista-canal-sur-radio\/#primaryimage\"},\"image\":{\"@id\":\"https:\/\/educaedtech.com\/pt\/noticias\/santiago-ruiz-de-velasco-entrevista-canal-sur-radio\/#primaryimage\"},\"thumbnailUrl\":\"https:\/\/educaedtech.com\/wp-content\/uploads\/2026\/04\/santiago-ruiz-entrevista-canal-sur-radio-1.png\",\"datePublished\":\"2026-04-28T09:56:15+00:00\",\"dateModified\":\"2026-04-28T09:56:21+00:00\",\"description\":\"Santiago Ruiz de Velasco, CEO de EDUCA EDTECH Group, interviene en Canal Sur Radio para hablar de PHIA, EducaLLM e innovaci\u00f3n educativa.\",\"breadcrumb\":{\"@id\":\"https:\/\/educaedtech.com\/pt\/noticias\/santiago-ruiz-de-velasco-entrevista-canal-sur-radio\/#breadcrumb\"},\"inLanguage\":\"pt-PT\",\"potentialAction\":[{\"@type\":\"ReadAction\",\"target\":[\"https:\/\/educaedtech.com\/pt\/noticias\/santiago-ruiz-de-velasco-entrevista-canal-sur-radio\/\"]}]},{\"@type\":\"ImageObject\",\"inLanguage\":\"pt-PT\",\"@id\":\"https:\/\/educaedtech.com\/pt\/noticias\/santiago-ruiz-de-velasco-entrevista-canal-sur-radio\/#primaryimage\",\"url\":\"https:\/\/educaedtech.com\/wp-content\/uploads\/2026\/04\/santiago-ruiz-entrevista-canal-sur-radio-1.png\",\"contentUrl\":\"https:\/\/educaedtech.com\/wp-content\/uploads\/2026\/04\/santiago-ruiz-entrevista-canal-sur-radio-1.png\",\"width\":600,\"height\":400,\"caption\":\"santiago-ruiz-entrevista-canal-sur-radio\"},{\"@type\":\"BreadcrumbList\",\"@id\":\"https:\/\/educaedtech.com\/pt\/noticias\/santiago-ruiz-de-velasco-entrevista-canal-sur-radio\/#breadcrumb\",\"itemListElement\":[{\"@type\":\"ListItem\",\"position\":1,\"name\":\"Home\",\"item\":\"https:\/\/educaedtech.com\/\"},{\"@type\":\"ListItem\",\"position\":2,\"name\":\"Santiago Ruiz de Velasco sit\u00faa Granada en el mapa EdTech\"}]},{\"@type\":\"WebSite\",\"@id\":\"https:\/\/educaedtech.com\/pt\/#website\",\"url\":\"https:\/\/educaedtech.com\/pt\/\",\"name\":\"Grupo EDUCA EDTECH\",\"description\":\"\",\"publisher\":{\"@id\":\"https:\/\/educaedtech.com\/pt\/#organization\"},\"potentialAction\":[{\"@type\":\"SearchAction\",\"target\":{\"@type\":\"EntryPoint\",\"urlTemplate\":\"https:\/\/educaedtech.com\/pt\/?s={search_term_string}\"},\"query-input\":{\"@type\":\"PropertyValueSpecification\",\"valueRequired\":true,\"valueName\":\"search_term_string\"}}],\"inLanguage\":\"pt-PT\"},{\"@type\":\"Organization\",\"@id\":\"https:\/\/educaedtech.com\/pt\/#organization\",\"name\":\"Grupo EDUCA EDTECH\",\"url\":\"https:\/\/educaedtech.com\/pt\/\",\"logo\":{\"@type\":\"ImageObject\",\"inLanguage\":\"pt-PT\",\"@id\":\"https:\/\/educaedtech.com\/pt\/#\/schema\/logo\/image\/\",\"url\":\"https:\/\/educaedtech.com\/wp-content\/uploads\/2024\/01\/Logo-Educa-Edtech-Group-Blanco.svg\",\"contentUrl\":\"https:\/\/educaedtech.com\/wp-content\/uploads\/2024\/01\/Logo-Educa-Edtech-Group-Blanco.svg\",\"width\":317,\"height\":108,\"caption\":\"Grupo EDUCA EDTECH\"},\"image\":{\"@id\":\"https:\/\/educaedtech.com\/pt\/#\/schema\/logo\/image\/\"}},{\"@type\":\"Person\",\"@id\":\"https:\/\/educaedtech.com\/pt\/#\/schema\/person\/8364e46cac6b40171c0f1f92ef54b5e1\",\"name\":\"Bel\u00e9n Torres Ram\u00edrez\",\"image\":{\"@type\":\"ImageObject\",\"inLanguage\":\"pt-PT\",\"@id\":\"https:\/\/educaedtech.com\/pt\/#\/schema\/person\/image\/\",\"url\":\"https:\/\/secure.gravatar.com\/avatar\/92dc371335872efb592c9888f237fed60aa26a6063206459e62c9b0ace9013ee?s=96&d=mm&r=g\",\"contentUrl\":\"https:\/\/secure.gravatar.com\/avatar\/92dc371335872efb592c9888f237fed60aa26a6063206459e62c9b0ace9013ee?s=96&d=mm&r=g\",\"caption\":\"Bel\u00e9n Torres Ram\u00edrez\"},\"url\":\"https:\/\/educaedtech.com\/pt\/author\/belen-torres\/\"}]}<\/script>\n<!-- \/ Yoast SEO plugin. -->","yoast_head_json":{"title":"Santiago Ruiz de Velasco defiende la innovaci\u00f3n EdTech","description":"Santiago Ruiz de Velasco, CEO de EDUCA EDTECH Group, interviene en Canal Sur Radio para hablar de PHIA, EducaLLM e innovaci\u00f3n educativa.","robots":{"index":"index","follow":"follow","max-snippet":"max-snippet:-1","max-image-preview":"max-image-preview:large","max-video-preview":"max-video-preview:-1"},"canonical":"https:\/\/educaedtech.com\/pt\/noticias\/santiago-ruiz-de-velasco-entrevista-canal-sur-radio\/","og_locale":"pt_PT","og_type":"article","og_title":"Santiago Ruiz de Velasco defiende la innovaci\u00f3n EdTech","og_description":"Santiago Ruiz de Velasco, CEO de EDUCA EDTECH Group, interviene en Canal Sur Radio para hablar de PHIA, EducaLLM e innovaci\u00f3n educativa.","og_url":"https:\/\/educaedtech.com\/pt\/noticias\/santiago-ruiz-de-velasco-entrevista-canal-sur-radio\/","og_site_name":"Grupo EDUCA EDTECH","article_published_time":"2026-04-28T09:56:15+00:00","article_modified_time":"2026-04-28T09:56:21+00:00","og_image":[{"width":600,"height":400,"url":"https:\/\/educaedtech.com\/wp-content\/uploads\/2026\/04\/santiago-ruiz-entrevista-canal-sur-radio-1.png","type":"image\/png"}],"author":"Bel\u00e9n Torres Ram\u00edrez","twitter_card":"summary_large_image","twitter_misc":{"Escrito por":"Bel\u00e9n Torres Ram\u00edrez","Tempo estimado de leitura":"4 minutos"},"schema":{"@context":"https:\/\/schema.org","@graph":[{"@type":"Article","@id":"https:\/\/educaedtech.com\/pt\/noticias\/santiago-ruiz-de-velasco-entrevista-canal-sur-radio\/#article","isPartOf":{"@id":"https:\/\/educaedtech.com\/pt\/noticias\/santiago-ruiz-de-velasco-entrevista-canal-sur-radio\/"},"author":{"name":"Bel\u00e9n Torres Ram\u00edrez","@id":"https:\/\/educaedtech.com\/pt\/#\/schema\/person\/8364e46cac6b40171c0f1f92ef54b5e1"},"headline":"Santiago Ruiz de Velasco sit\u00faa Granada en el mapa EdTech","datePublished":"2026-04-28T09:56:15+00:00","dateModified":"2026-04-28T09:56:21+00:00","mainEntityOfPage":{"@id":"https:\/\/educaedtech.com\/pt\/noticias\/santiago-ruiz-de-velasco-entrevista-canal-sur-radio\/"},"wordCount":1008,"publisher":{"@id":"https:\/\/educaedtech.com\/pt\/#organization"},"image":{"@id":"https:\/\/educaedtech.com\/pt\/noticias\/santiago-ruiz-de-velasco-entrevista-canal-sur-radio\/#primaryimage"},"thumbnailUrl":"https:\/\/educaedtech.com\/wp-content\/uploads\/2026\/04\/santiago-ruiz-entrevista-canal-sur-radio-1.png","articleSection":["Sin categor\u00eda"],"inLanguage":"pt-PT"},{"@type":"WebPage","@id":"https:\/\/educaedtech.com\/pt\/noticias\/santiago-ruiz-de-velasco-entrevista-canal-sur-radio\/","url":"https:\/\/educaedtech.com\/pt\/noticias\/santiago-ruiz-de-velasco-entrevista-canal-sur-radio\/","name":"Santiago Ruiz de Velasco defiende la innovaci\u00f3n EdTech","isPartOf":{"@id":"https:\/\/educaedtech.com\/pt\/#website"},"primaryImageOfPage":{"@id":"https:\/\/educaedtech.com\/pt\/noticias\/santiago-ruiz-de-velasco-entrevista-canal-sur-radio\/#primaryimage"},"image":{"@id":"https:\/\/educaedtech.com\/pt\/noticias\/santiago-ruiz-de-velasco-entrevista-canal-sur-radio\/#primaryimage"},"thumbnailUrl":"https:\/\/educaedtech.com\/wp-content\/uploads\/2026\/04\/santiago-ruiz-entrevista-canal-sur-radio-1.png","datePublished":"2026-04-28T09:56:15+00:00","dateModified":"2026-04-28T09:56:21+00:00","description":"Santiago Ruiz de Velasco, CEO de EDUCA EDTECH Group, interviene en Canal Sur Radio para hablar de PHIA, EducaLLM e innovaci\u00f3n educativa.","breadcrumb":{"@id":"https:\/\/educaedtech.com\/pt\/noticias\/santiago-ruiz-de-velasco-entrevista-canal-sur-radio\/#breadcrumb"},"inLanguage":"pt-PT","potentialAction":[{"@type":"ReadAction","target":["https:\/\/educaedtech.com\/pt\/noticias\/santiago-ruiz-de-velasco-entrevista-canal-sur-radio\/"]}]},{"@type":"ImageObject","inLanguage":"pt-PT","@id":"https:\/\/educaedtech.com\/pt\/noticias\/santiago-ruiz-de-velasco-entrevista-canal-sur-radio\/#primaryimage","url":"https:\/\/educaedtech.com\/wp-content\/uploads\/2026\/04\/santiago-ruiz-entrevista-canal-sur-radio-1.png","contentUrl":"https:\/\/educaedtech.com\/wp-content\/uploads\/2026\/04\/santiago-ruiz-entrevista-canal-sur-radio-1.png","width":600,"height":400,"caption":"santiago-ruiz-entrevista-canal-sur-radio"},{"@type":"BreadcrumbList","@id":"https:\/\/educaedtech.com\/pt\/noticias\/santiago-ruiz-de-velasco-entrevista-canal-sur-radio\/#breadcrumb","itemListElement":[{"@type":"ListItem","position":1,"name":"Home","item":"https:\/\/educaedtech.com\/"},{"@type":"ListItem","position":2,"name":"Santiago Ruiz de Velasco sit\u00faa Granada en el mapa EdTech"}]},{"@type":"WebSite","@id":"https:\/\/educaedtech.com\/pt\/#website","url":"https:\/\/educaedtech.com\/pt\/","name":"Grupo EDUCA EDTECH","description":"","publisher":{"@id":"https:\/\/educaedtech.com\/pt\/#organization"},"potentialAction":[{"@type":"SearchAction","target":{"@type":"EntryPoint","urlTemplate":"https:\/\/educaedtech.com\/pt\/?s={search_term_string}"},"query-input":{"@type":"PropertyValueSpecification","valueRequired":true,"valueName":"search_term_string"}}],"inLanguage":"pt-PT"},{"@type":"Organization","@id":"https:\/\/educaedtech.com\/pt\/#organization","name":"Grupo EDUCA EDTECH","url":"https:\/\/educaedtech.com\/pt\/","logo":{"@type":"ImageObject","inLanguage":"pt-PT","@id":"https:\/\/educaedtech.com\/pt\/#\/schema\/logo\/image\/","url":"https:\/\/educaedtech.com\/wp-content\/uploads\/2024\/01\/Logo-Educa-Edtech-Group-Blanco.svg","contentUrl":"https:\/\/educaedtech.com\/wp-content\/uploads\/2024\/01\/Logo-Educa-Edtech-Group-Blanco.svg","width":317,"height":108,"caption":"Grupo EDUCA EDTECH"},"image":{"@id":"https:\/\/educaedtech.com\/pt\/#\/schema\/logo\/image\/"}},{"@type":"Person","@id":"https:\/\/educaedtech.com\/pt\/#\/schema\/person\/8364e46cac6b40171c0f1f92ef54b5e1","name":"Bel\u00e9n Torres Ram\u00edrez","image":{"@type":"ImageObject","inLanguage":"pt-PT","@id":"https:\/\/educaedtech.com\/pt\/#\/schema\/person\/image\/","url":"https:\/\/secure.gravatar.com\/avatar\/92dc371335872efb592c9888f237fed60aa26a6063206459e62c9b0ace9013ee?s=96&d=mm&r=g","contentUrl":"https:\/\/secure.gravatar.com\/avatar\/92dc371335872efb592c9888f237fed60aa26a6063206459e62c9b0ace9013ee?s=96&d=mm&r=g","caption":"Bel\u00e9n Torres Ram\u00edrez"},"url":"https:\/\/educaedtech.com\/pt\/author\/belen-torres\/"}]}},"_links":{"self":[{"href":"https:\/\/educaedtech.com\/pt\/wp-json\/wp\/v2\/posts\/35671","targetHints":{"allow":["GET"]}}],"collection":[{"href":"https:\/\/educaedtech.com\/pt\/wp-json\/wp\/v2\/posts"}],"about":[{"href":"https:\/\/educaedtech.com\/pt\/wp-json\/wp\/v2\/types\/post"}],"author":[{"embeddable":true,"href":"https:\/\/educaedtech.com\/pt\/wp-json\/wp\/v2\/users\/2"}],"replies":[{"embeddable":true,"href":"https:\/\/educaedtech.com\/pt\/wp-json\/wp\/v2\/comments?post=35671"}],"version-history":[{"count":1,"href":"https:\/\/educaedtech.com\/pt\/wp-json\/wp\/v2\/posts\/35671\/revisions"}],"predecessor-version":[{"id":35690,"href":"https:\/\/educaedtech.com\/pt\/wp-json\/wp\/v2\/posts\/35671\/revisions\/35690"}],"wp:featuredmedia":[{"embeddable":true,"href":"https:\/\/educaedtech.com\/pt\/wp-json\/wp\/v2\/media\/35688"}],"wp:attachment":[{"href":"https:\/\/educaedtech.com\/pt\/wp-json\/wp\/v2\/media?parent=35671"}],"wp:term":[{"taxonomy":"category","embeddable":true,"href":"https:\/\/educaedtech.com\/pt\/wp-json\/wp\/v2\/categories?post=35671"},{"taxonomy":"post_tag","embeddable":true,"href":"https:\/\/educaedtech.com\/pt\/wp-json\/wp\/v2\/tags?post=35671"}],"curies":[{"name":"wp","href":"https:\/\/api.w.org\/{rel}","templated":true}]}}