{"id":35983,"date":"2026-04-29T09:44:01","date_gmt":"2026-04-29T07:44:01","guid":{"rendered":"https:\/\/educaedtech.com\/?p=35983"},"modified":"2026-04-29T09:44:04","modified_gmt":"2026-04-29T07:44:04","slug":"educa-edtech-impulsa-el-educa-career-workshop-para-construir-tu-perfil-profesional-desde-cero","status":"publish","type":"post","link":"https:\/\/educaedtech.com\/pt\/noticias\/educa-edtech-impulsa-el-educa-career-workshop-para-construir-tu-perfil-profesional-desde-cero\/","title":{"rendered":"EDUCA EDTECH impulsa el EDUCA CAREER WORKSHOP para construir tu perfil profesional desde cero"},"content":{"rendered":"<ul class=\"wp-block-list\">\n<li><strong><em>El evento online se celebra el 30 de abril y ofrece un itinerario pr\u00e1ctico para definir el perfil profesional, mejorar el CV y LinkedIn, crear una presencia digital s\u00f3lida y preparar al alumnado para generar nuevas oportunidades laborales.<\/em><\/strong><\/li>\n<\/ul>\n\n\n\n<p><\/p>\n\n\n\n<p>EDUCA EDTECH Group celebra el pr\u00f3ximo <strong>30 de abril<\/strong> sobre <strong><a href=\"https:\/\/educaedtech.com\/pt\/alumni\/eventos\/\">EDUCA CAREER WORKSHOP<\/a><\/strong>, un evento online orientado a ayudar a estudiantes y profesionales a construir y comunicar su perfil profesional de forma clara, estrat\u00e9gica y aplicable al mercado laboral.<\/p>\n\n\n\n<p>La iniciativa nace con un objetivo concreto: acompa\u00f1ar a quienes buscan su primer empleo, pr\u00e1cticas, una mejora profesional, un cambio de carrera o el desarrollo de una marca personal propia. Para ello, el workshop propone un recorrido pr\u00e1ctico que parte de la definici\u00f3n del valor profesional y avanza hacia su aplicaci\u00f3n en herramientas clave como el CV, LinkedIn, el portfolio o la presencia digital.<\/p>\n\n\n\n<h2 class=\"wp-block-heading has-medium-font-size\"><strong>Un taller pr\u00e1ctico para activar el perfil profesional<\/strong><\/h2>\n\n\n\n<p>A lo largo del encuentro, los participantes trabajar\u00e1n sobre su propio perfil mediante contenidos en v\u00eddeo, tutoriales paso a paso, recursos descargables y ejemplos reales. El prop\u00f3sito es que cada asistente pueda construir una base profesional clara y trasladarla a formatos \u00fatiles para procesos de selecci\u00f3n, proyectos propios o nuevas oportunidades laborales.<\/p>\n\n\n\n<p>Entre os <strong>principales contenidos del evento<\/strong> se encuentran la identificaci\u00f3n del valor profesional, la estructuraci\u00f3n del posicionamiento, la creaci\u00f3n de un CV s\u00f3lido, la mejora del perfil de LinkedIn y el dise\u00f1o de un portfolio o web b\u00e1sica que muestre de forma coherente la experiencia, habilidades y objetivos de cada persona.<\/p>\n\n\n\n<h3 class=\"wp-block-heading has-medium-font-size\"><strong>Empleabilidad, orientaci\u00f3n y aprendizaje aplicado<\/strong><\/h3>\n\n\n\n<p>O <strong>EDUCA CAREER WORKSHOP<\/strong> se integra en la<strong> <a href=\"https:\/\/educaedtech.com\/pt\/noticias\/educa-cv-check-week\/\">l\u00ednea de trabajo de EDUCA EDTECH Group<\/a> <\/strong>para vincular la formaci\u00f3n con la empleabilidad, facilitando recursos que permitan al alumnado no solo aprender, sino tambi\u00e9n aplicar ese aprendizaje en contextos profesionales reales.<\/p>\n\n\n\n<p>El evento se dirige especialmente a alumnos que buscan su primer empleo o pr\u00e1cticas, perfiles que quieren mejorar su posicionamiento profesional, personas en proceso de cambio o redefinici\u00f3n de carrera y profesionales que desean impulsar proyectos propios o desarrollar su marca personal.<\/p>\n\n\n\n<h3 class=\"wp-block-heading\"><strong>Pr\u00f3ximo paso: procesos de selecci\u00f3n reales<\/strong><\/h3>\n\n\n\n<p>Tras la construcci\u00f3n del perfil profesional, el grupo continuar\u00e1 su programaci\u00f3n del <strong>25 al 29 de mayo de 2026<\/strong> con un nuevo espacio centrado en la preparaci\u00f3n para procesos de selecci\u00f3n reales.<\/p>\n\n\n\n<p>En est\u00e9 se abordar\u00e1 c\u00f3mo enfrentarse a entrevistas, comprender las fases de selecci\u00f3n y aplicar el perfil profesional trabajado en diferentes contextos laborales, con el objetivo de mejorar la seguridad y el desempe\u00f1o de los participantes.<\/p>\n\n\n\n<p>Con esta iniciativa, <strong>Grupo EDUCA EDTECH<\/strong> refuerza su compromiso con una formaci\u00f3n pr\u00e1ctica, flexible y orientada al desarrollo profesional, acompa\u00f1ando al alumnado en uno de los momentos clave de su trayectoria: convertir su preparaci\u00f3n en oportunidades reales.<\/p>","protected":false},"excerpt":{"rendered":"<p>EDUCA EDTECH Group celebra el pr\u00f3ximo 30 de abril el EDUCA CAREER WORKSHOP, un evento online orientado a ayudar a [&hellip;]<\/p>","protected":false},"author":2,"featured_media":35985,"comment_status":"closed","ping_status":"closed","sticky":false,"template":"","format":"standard","meta":{"_acf_changed":false,"site-sidebar-layout":"default","site-content-layout":"","ast-site-content-layout":"","site-content-style":"default","site-sidebar-style":"default","ast-global-header-display":"","ast-banner-title-visibility":"","ast-main-header-display":"","ast-hfb-above-header-display":"","ast-hfb-below-header-display":"","ast-hfb-mobile-header-display":"","site-post-title":"","ast-breadcrumbs-content":"","ast-featured-img":"","footer-sml-layout":"","theme-transparent-header-meta":"","adv-header-id-meta":"","stick-header-meta":"","header-above-stick-meta":"","header-main-stick-meta":"","header-below-stick-meta":"","astra-migrate-meta-layouts":"default","ast-page-background-enabled":"default","ast-page-background-meta":{"desktop":{"background-color":"var(--ast-global-color-4)","background-image":"","background-repeat":"repeat","background-position":"center center","background-size":"auto","background-attachment":"scroll","background-type":"","background-media":"","overlay-type":"","overlay-color":"","overlay-opacity":"","overlay-gradient":""},"tablet":{"background-color":"","background-image":"","background-repeat":"repeat","background-position":"center center","background-size":"auto","background-attachment":"scroll","background-type":"","background-media":"","overlay-type":"","overlay-color":"","overlay-opacity":"","overlay-gradient":""},"mobile":{"background-color":"","background-image":"","background-repeat":"repeat","background-position":"center center","background-size":"auto","background-attachment":"scroll","background-type":"","background-media":"","overlay-type":"","overlay-color":"","overlay-opacity":"","overlay-gradient":""}},"ast-content-background-meta":{"desktop":{"background-color":"var(--ast-global-color-5)","background-image":"","background-repeat":"repeat","background-position":"center center","background-size":"auto","background-attachment":"scroll","background-type":"","background-media":"","overlay-type":"","overlay-color":"","overlay-opacity":"","overlay-gradient":""},"tablet":{"background-color":"var(--ast-global-color-5)","background-image":"","background-repeat":"repeat","background-position":"center center","background-size":"auto","background-attachment":"scroll","background-type":"","background-media":"","overlay-type":"","overlay-color":"","overlay-opacity":"","overlay-gradient":""},"mobile":{"background-color":"var(--ast-global-color-5)","background-image":"","background-repeat":"repeat","background-position":"center center","background-size":"auto","background-attachment":"scroll","background-type":"","background-media":"","overlay-type":"","overlay-color":"","overlay-opacity":"","overlay-gradient":""}},"footnotes":""},"categories":[1],"tags":[],"class_list":["post-35983","post","type-post","status-publish","format-standard","has-post-thumbnail","hentry","category-sin-categoria"],"acf":[],"yoast_head":"<!-- This site is optimized with the Yoast SEO plugin v23.4 - https:\/\/yoast.com\/wordpress\/plugins\/seo\/ -->\n<title>EDUCA EDTECH impulsa el EDUCA CAREER WORKSHOP<\/title>\n<meta name=\"description\" content=\"EDUCA EDTECH Group celebra el pr\u00f3ximo 30 de abril el EDUCA CAREER WORKSHOP, un evento online orientado a ayudar a estudiantes y profesionales\" \/>\n<meta name=\"robots\" content=\"index, follow, max-snippet:-1, max-image-preview:large, max-video-preview:-1\" \/>\n<link rel=\"canonical\" href=\"https:\/\/educaedtech.com\/pt\/noticias\/educa-edtech-impulsa-el-educa-career-workshop-para-construir-tu-perfil-profesional-desde-cero\/\" \/>\n<meta property=\"og:locale\" content=\"pt_PT\" \/>\n<meta property=\"og:type\" content=\"article\" \/>\n<meta property=\"og:title\" content=\"EDUCA EDTECH impulsa el EDUCA CAREER WORKSHOP\" \/>\n<meta property=\"og:description\" content=\"EDUCA EDTECH Group celebra el pr\u00f3ximo 30 de abril el EDUCA CAREER WORKSHOP, un evento online orientado a ayudar a estudiantes y profesionales\" \/>\n<meta property=\"og:url\" content=\"https:\/\/educaedtech.com\/pt\/noticias\/educa-edtech-impulsa-el-educa-career-workshop-para-construir-tu-perfil-profesional-desde-cero\/\" \/>\n<meta property=\"og:site_name\" content=\"Grupo EDUCA EDTECH\" \/>\n<meta property=\"article:published_time\" content=\"2026-04-29T07:44:01+00:00\" \/>\n<meta property=\"article:modified_time\" content=\"2026-04-29T07:44:04+00:00\" \/>\n<meta property=\"og:image\" content=\"https:\/\/educaedtech.com\/wp-content\/uploads\/2026\/04\/educa-career-.png\" \/>\n\t<meta property=\"og:image:width\" content=\"1280\" \/>\n\t<meta property=\"og:image:height\" content=\"720\" \/>\n\t<meta property=\"og:image:type\" content=\"image\/png\" \/>\n<meta name=\"author\" content=\"Bel\u00e9n Torres Ram\u00edrez\" \/>\n<meta name=\"twitter:card\" content=\"summary_large_image\" \/>\n<meta name=\"twitter:label1\" content=\"Escrito por\" \/>\n\t<meta name=\"twitter:data1\" content=\"Bel\u00e9n Torres Ram\u00edrez\" \/>\n\t<meta name=\"twitter:label2\" content=\"Tempo estimado de leitura\" \/>\n\t<meta name=\"twitter:data2\" content=\"3 minutos\" \/>\n<script type=\"application\/ld+json\" class=\"yoast-schema-graph\">{\"@context\":\"https:\/\/schema.org\",\"@graph\":[{\"@type\":\"Article\",\"@id\":\"https:\/\/educaedtech.com\/pt\/noticias\/educa-edtech-impulsa-el-educa-career-workshop-para-construir-tu-perfil-profesional-desde-cero\/#article\",\"isPartOf\":{\"@id\":\"https:\/\/educaedtech.com\/pt\/noticias\/educa-edtech-impulsa-el-educa-career-workshop-para-construir-tu-perfil-profesional-desde-cero\/\"},\"author\":{\"name\":\"Bel\u00e9n Torres Ram\u00edrez\",\"@id\":\"https:\/\/educaedtech.com\/pt\/#\/schema\/person\/8364e46cac6b40171c0f1f92ef54b5e1\"},\"headline\":\"EDUCA EDTECH impulsa el EDUCA CAREER WORKSHOP para construir tu perfil profesional desde cero\",\"datePublished\":\"2026-04-29T07:44:01+00:00\",\"dateModified\":\"2026-04-29T07:44:04+00:00\",\"mainEntityOfPage\":{\"@id\":\"https:\/\/educaedtech.com\/pt\/noticias\/educa-edtech-impulsa-el-educa-career-workshop-para-construir-tu-perfil-profesional-desde-cero\/\"},\"wordCount\":498,\"publisher\":{\"@id\":\"https:\/\/educaedtech.com\/pt\/#organization\"},\"image\":{\"@id\":\"https:\/\/educaedtech.com\/pt\/noticias\/educa-edtech-impulsa-el-educa-career-workshop-para-construir-tu-perfil-profesional-desde-cero\/#primaryimage\"},\"thumbnailUrl\":\"https:\/\/educaedtech.com\/wp-content\/uploads\/2026\/04\/educa-career-.png\",\"articleSection\":[\"Sin categor\u00eda\"],\"inLanguage\":\"pt-PT\"},{\"@type\":\"WebPage\",\"@id\":\"https:\/\/educaedtech.com\/pt\/noticias\/educa-edtech-impulsa-el-educa-career-workshop-para-construir-tu-perfil-profesional-desde-cero\/\",\"url\":\"https:\/\/educaedtech.com\/pt\/noticias\/educa-edtech-impulsa-el-educa-career-workshop-para-construir-tu-perfil-profesional-desde-cero\/\",\"name\":\"EDUCA EDTECH impulsa el EDUCA CAREER WORKSHOP\",\"isPartOf\":{\"@id\":\"https:\/\/educaedtech.com\/pt\/#website\"},\"primaryImageOfPage\":{\"@id\":\"https:\/\/educaedtech.com\/pt\/noticias\/educa-edtech-impulsa-el-educa-career-workshop-para-construir-tu-perfil-profesional-desde-cero\/#primaryimage\"},\"image\":{\"@id\":\"https:\/\/educaedtech.com\/pt\/noticias\/educa-edtech-impulsa-el-educa-career-workshop-para-construir-tu-perfil-profesional-desde-cero\/#primaryimage\"},\"thumbnailUrl\":\"https:\/\/educaedtech.com\/wp-content\/uploads\/2026\/04\/educa-career-.png\",\"datePublished\":\"2026-04-29T07:44:01+00:00\",\"dateModified\":\"2026-04-29T07:44:04+00:00\",\"description\":\"EDUCA EDTECH Group celebra el pr\u00f3ximo 30 de abril el EDUCA CAREER WORKSHOP, un evento online orientado a ayudar a estudiantes y profesionales\",\"breadcrumb\":{\"@id\":\"https:\/\/educaedtech.com\/pt\/noticias\/educa-edtech-impulsa-el-educa-career-workshop-para-construir-tu-perfil-profesional-desde-cero\/#breadcrumb\"},\"inLanguage\":\"pt-PT\",\"potentialAction\":[{\"@type\":\"ReadAction\",\"target\":[\"https:\/\/educaedtech.com\/pt\/noticias\/educa-edtech-impulsa-el-educa-career-workshop-para-construir-tu-perfil-profesional-desde-cero\/\"]}]},{\"@type\":\"ImageObject\",\"inLanguage\":\"pt-PT\",\"@id\":\"https:\/\/educaedtech.com\/pt\/noticias\/educa-edtech-impulsa-el-educa-career-workshop-para-construir-tu-perfil-profesional-desde-cero\/#primaryimage\",\"url\":\"https:\/\/educaedtech.com\/wp-content\/uploads\/2026\/04\/educa-career-.png\",\"contentUrl\":\"https:\/\/educaedtech.com\/wp-content\/uploads\/2026\/04\/educa-career-.png\",\"width\":1280,\"height\":720,\"caption\":\"educa edtech impulsa educa career workshop\"},{\"@type\":\"BreadcrumbList\",\"@id\":\"https:\/\/educaedtech.com\/pt\/noticias\/educa-edtech-impulsa-el-educa-career-workshop-para-construir-tu-perfil-profesional-desde-cero\/#breadcrumb\",\"itemListElement\":[{\"@type\":\"ListItem\",\"position\":1,\"name\":\"Home\",\"item\":\"https:\/\/educaedtech.com\/\"},{\"@type\":\"ListItem\",\"position\":2,\"name\":\"EDUCA EDTECH impulsa el EDUCA CAREER WORKSHOP para construir tu perfil profesional desde cero\"}]},{\"@type\":\"WebSite\",\"@id\":\"https:\/\/educaedtech.com\/pt\/#website\",\"url\":\"https:\/\/educaedtech.com\/pt\/\",\"name\":\"Grupo EDUCA EDTECH\",\"description\":\"\",\"publisher\":{\"@id\":\"https:\/\/educaedtech.com\/pt\/#organization\"},\"potentialAction\":[{\"@type\":\"SearchAction\",\"target\":{\"@type\":\"EntryPoint\",\"urlTemplate\":\"https:\/\/educaedtech.com\/pt\/?s={search_term_string}\"},\"query-input\":{\"@type\":\"PropertyValueSpecification\",\"valueRequired\":true,\"valueName\":\"search_term_string\"}}],\"inLanguage\":\"pt-PT\"},{\"@type\":\"Organization\",\"@id\":\"https:\/\/educaedtech.com\/pt\/#organization\",\"name\":\"Grupo EDUCA EDTECH\",\"url\":\"https:\/\/educaedtech.com\/pt\/\",\"logo\":{\"@type\":\"ImageObject\",\"inLanguage\":\"pt-PT\",\"@id\":\"https:\/\/educaedtech.com\/pt\/#\/schema\/logo\/image\/\",\"url\":\"https:\/\/educaedtech.com\/wp-content\/uploads\/2024\/01\/Logo-Educa-Edtech-Group-Blanco.svg\",\"contentUrl\":\"https:\/\/educaedtech.com\/wp-content\/uploads\/2024\/01\/Logo-Educa-Edtech-Group-Blanco.svg\",\"width\":317,\"height\":108,\"caption\":\"Grupo EDUCA EDTECH\"},\"image\":{\"@id\":\"https:\/\/educaedtech.com\/pt\/#\/schema\/logo\/image\/\"}},{\"@type\":\"Person\",\"@id\":\"https:\/\/educaedtech.com\/pt\/#\/schema\/person\/8364e46cac6b40171c0f1f92ef54b5e1\",\"name\":\"Bel\u00e9n Torres Ram\u00edrez\",\"image\":{\"@type\":\"ImageObject\",\"inLanguage\":\"pt-PT\",\"@id\":\"https:\/\/educaedtech.com\/pt\/#\/schema\/person\/image\/\",\"url\":\"https:\/\/secure.gravatar.com\/avatar\/92dc371335872efb592c9888f237fed60aa26a6063206459e62c9b0ace9013ee?s=96&d=mm&r=g\",\"contentUrl\":\"https:\/\/secure.gravatar.com\/avatar\/92dc371335872efb592c9888f237fed60aa26a6063206459e62c9b0ace9013ee?s=96&d=mm&r=g\",\"caption\":\"Bel\u00e9n Torres Ram\u00edrez\"},\"url\":\"https:\/\/educaedtech.com\/pt\/author\/belen-torres\/\"}]}<\/script>\n<!-- \/ Yoast SEO plugin. -->","yoast_head_json":{"title":"EDUCA EDTECH impulsa el EDUCA CAREER WORKSHOP","description":"EDUCA EDTECH Group celebra el pr\u00f3ximo 30 de abril el EDUCA CAREER WORKSHOP, un evento online orientado a ayudar a estudiantes y profesionales","robots":{"index":"index","follow":"follow","max-snippet":"max-snippet:-1","max-image-preview":"max-image-preview:large","max-video-preview":"max-video-preview:-1"},"canonical":"https:\/\/educaedtech.com\/pt\/noticias\/educa-edtech-impulsa-el-educa-career-workshop-para-construir-tu-perfil-profesional-desde-cero\/","og_locale":"pt_PT","og_type":"article","og_title":"EDUCA EDTECH impulsa el EDUCA CAREER WORKSHOP","og_description":"EDUCA EDTECH Group celebra el pr\u00f3ximo 30 de abril el EDUCA CAREER WORKSHOP, un evento online orientado a ayudar a estudiantes y profesionales","og_url":"https:\/\/educaedtech.com\/pt\/noticias\/educa-edtech-impulsa-el-educa-career-workshop-para-construir-tu-perfil-profesional-desde-cero\/","og_site_name":"Grupo EDUCA EDTECH","article_published_time":"2026-04-29T07:44:01+00:00","article_modified_time":"2026-04-29T07:44:04+00:00","og_image":[{"width":1280,"height":720,"url":"https:\/\/educaedtech.com\/wp-content\/uploads\/2026\/04\/educa-career-.png","type":"image\/png"}],"author":"Bel\u00e9n Torres Ram\u00edrez","twitter_card":"summary_large_image","twitter_misc":{"Escrito por":"Bel\u00e9n Torres Ram\u00edrez","Tempo estimado de leitura":"3 minutos"},"schema":{"@context":"https:\/\/schema.org","@graph":[{"@type":"Article","@id":"https:\/\/educaedtech.com\/pt\/noticias\/educa-edtech-impulsa-el-educa-career-workshop-para-construir-tu-perfil-profesional-desde-cero\/#article","isPartOf":{"@id":"https:\/\/educaedtech.com\/pt\/noticias\/educa-edtech-impulsa-el-educa-career-workshop-para-construir-tu-perfil-profesional-desde-cero\/"},"author":{"name":"Bel\u00e9n Torres Ram\u00edrez","@id":"https:\/\/educaedtech.com\/pt\/#\/schema\/person\/8364e46cac6b40171c0f1f92ef54b5e1"},"headline":"EDUCA EDTECH impulsa el EDUCA CAREER WORKSHOP para construir tu perfil profesional desde cero","datePublished":"2026-04-29T07:44:01+00:00","dateModified":"2026-04-29T07:44:04+00:00","mainEntityOfPage":{"@id":"https:\/\/educaedtech.com\/pt\/noticias\/educa-edtech-impulsa-el-educa-career-workshop-para-construir-tu-perfil-profesional-desde-cero\/"},"wordCount":498,"publisher":{"@id":"https:\/\/educaedtech.com\/pt\/#organization"},"image":{"@id":"https:\/\/educaedtech.com\/pt\/noticias\/educa-edtech-impulsa-el-educa-career-workshop-para-construir-tu-perfil-profesional-desde-cero\/#primaryimage"},"thumbnailUrl":"https:\/\/educaedtech.com\/wp-content\/uploads\/2026\/04\/educa-career-.png","articleSection":["Sin categor\u00eda"],"inLanguage":"pt-PT"},{"@type":"WebPage","@id":"https:\/\/educaedtech.com\/pt\/noticias\/educa-edtech-impulsa-el-educa-career-workshop-para-construir-tu-perfil-profesional-desde-cero\/","url":"https:\/\/educaedtech.com\/pt\/noticias\/educa-edtech-impulsa-el-educa-career-workshop-para-construir-tu-perfil-profesional-desde-cero\/","name":"EDUCA EDTECH impulsa el EDUCA CAREER WORKSHOP","isPartOf":{"@id":"https:\/\/educaedtech.com\/pt\/#website"},"primaryImageOfPage":{"@id":"https:\/\/educaedtech.com\/pt\/noticias\/educa-edtech-impulsa-el-educa-career-workshop-para-construir-tu-perfil-profesional-desde-cero\/#primaryimage"},"image":{"@id":"https:\/\/educaedtech.com\/pt\/noticias\/educa-edtech-impulsa-el-educa-career-workshop-para-construir-tu-perfil-profesional-desde-cero\/#primaryimage"},"thumbnailUrl":"https:\/\/educaedtech.com\/wp-content\/uploads\/2026\/04\/educa-career-.png","datePublished":"2026-04-29T07:44:01+00:00","dateModified":"2026-04-29T07:44:04+00:00","description":"EDUCA EDTECH Group celebra el pr\u00f3ximo 30 de abril el EDUCA CAREER WORKSHOP, un evento online orientado a ayudar a estudiantes y profesionales","breadcrumb":{"@id":"https:\/\/educaedtech.com\/pt\/noticias\/educa-edtech-impulsa-el-educa-career-workshop-para-construir-tu-perfil-profesional-desde-cero\/#breadcrumb"},"inLanguage":"pt-PT","potentialAction":[{"@type":"ReadAction","target":["https:\/\/educaedtech.com\/pt\/noticias\/educa-edtech-impulsa-el-educa-career-workshop-para-construir-tu-perfil-profesional-desde-cero\/"]}]},{"@type":"ImageObject","inLanguage":"pt-PT","@id":"https:\/\/educaedtech.com\/pt\/noticias\/educa-edtech-impulsa-el-educa-career-workshop-para-construir-tu-perfil-profesional-desde-cero\/#primaryimage","url":"https:\/\/educaedtech.com\/wp-content\/uploads\/2026\/04\/educa-career-.png","contentUrl":"https:\/\/educaedtech.com\/wp-content\/uploads\/2026\/04\/educa-career-.png","width":1280,"height":720,"caption":"educa edtech impulsa educa career workshop"},{"@type":"BreadcrumbList","@id":"https:\/\/educaedtech.com\/pt\/noticias\/educa-edtech-impulsa-el-educa-career-workshop-para-construir-tu-perfil-profesional-desde-cero\/#breadcrumb","itemListElement":[{"@type":"ListItem","position":1,"name":"Home","item":"https:\/\/educaedtech.com\/"},{"@type":"ListItem","position":2,"name":"EDUCA EDTECH impulsa el EDUCA CAREER WORKSHOP para construir tu perfil profesional desde cero"}]},{"@type":"WebSite","@id":"https:\/\/educaedtech.com\/pt\/#website","url":"https:\/\/educaedtech.com\/pt\/","name":"Grupo EDUCA EDTECH","description":"","publisher":{"@id":"https:\/\/educaedtech.com\/pt\/#organization"},"potentialAction":[{"@type":"SearchAction","target":{"@type":"EntryPoint","urlTemplate":"https:\/\/educaedtech.com\/pt\/?s={search_term_string}"},"query-input":{"@type":"PropertyValueSpecification","valueRequired":true,"valueName":"search_term_string"}}],"inLanguage":"pt-PT"},{"@type":"Organization","@id":"https:\/\/educaedtech.com\/pt\/#organization","name":"Grupo EDUCA EDTECH","url":"https:\/\/educaedtech.com\/pt\/","logo":{"@type":"ImageObject","inLanguage":"pt-PT","@id":"https:\/\/educaedtech.com\/pt\/#\/schema\/logo\/image\/","url":"https:\/\/educaedtech.com\/wp-content\/uploads\/2024\/01\/Logo-Educa-Edtech-Group-Blanco.svg","contentUrl":"https:\/\/educaedtech.com\/wp-content\/uploads\/2024\/01\/Logo-Educa-Edtech-Group-Blanco.svg","width":317,"height":108,"caption":"Grupo EDUCA EDTECH"},"image":{"@id":"https:\/\/educaedtech.com\/pt\/#\/schema\/logo\/image\/"}},{"@type":"Person","@id":"https:\/\/educaedtech.com\/pt\/#\/schema\/person\/8364e46cac6b40171c0f1f92ef54b5e1","name":"Bel\u00e9n Torres Ram\u00edrez","image":{"@type":"ImageObject","inLanguage":"pt-PT","@id":"https:\/\/educaedtech.com\/pt\/#\/schema\/person\/image\/","url":"https:\/\/secure.gravatar.com\/avatar\/92dc371335872efb592c9888f237fed60aa26a6063206459e62c9b0ace9013ee?s=96&d=mm&r=g","contentUrl":"https:\/\/secure.gravatar.com\/avatar\/92dc371335872efb592c9888f237fed60aa26a6063206459e62c9b0ace9013ee?s=96&d=mm&r=g","caption":"Bel\u00e9n Torres Ram\u00edrez"},"url":"https:\/\/educaedtech.com\/pt\/author\/belen-torres\/"}]}},"_links":{"self":[{"href":"https:\/\/educaedtech.com\/pt\/wp-json\/wp\/v2\/posts\/35983","targetHints":{"allow":["GET"]}}],"collection":[{"href":"https:\/\/educaedtech.com\/pt\/wp-json\/wp\/v2\/posts"}],"about":[{"href":"https:\/\/educaedtech.com\/pt\/wp-json\/wp\/v2\/types\/post"}],"author":[{"embeddable":true,"href":"https:\/\/educaedtech.com\/pt\/wp-json\/wp\/v2\/users\/2"}],"replies":[{"embeddable":true,"href":"https:\/\/educaedtech.com\/pt\/wp-json\/wp\/v2\/comments?post=35983"}],"version-history":[{"count":2,"href":"https:\/\/educaedtech.com\/pt\/wp-json\/wp\/v2\/posts\/35983\/revisions"}],"predecessor-version":[{"id":35987,"href":"https:\/\/educaedtech.com\/pt\/wp-json\/wp\/v2\/posts\/35983\/revisions\/35987"}],"wp:featuredmedia":[{"embeddable":true,"href":"https:\/\/educaedtech.com\/pt\/wp-json\/wp\/v2\/media\/35985"}],"wp:attachment":[{"href":"https:\/\/educaedtech.com\/pt\/wp-json\/wp\/v2\/media?parent=35983"}],"wp:term":[{"taxonomy":"category","embeddable":true,"href":"https:\/\/educaedtech.com\/pt\/wp-json\/wp\/v2\/categories?post=35983"},{"taxonomy":"post_tag","embeddable":true,"href":"https:\/\/educaedtech.com\/pt\/wp-json\/wp\/v2\/tags?post=35983"}],"curies":[{"name":"wp","href":"https:\/\/api.w.org\/{rel}","templated":true}]}}