{"id":6206,"date":"2024-11-21T16:05:12","date_gmt":"2024-11-21T15:05:12","guid":{"rendered":"https:\/\/educaedtech.com\/?p=6206"},"modified":"2024-11-21T16:35:53","modified_gmt":"2024-11-21T15:35:53","slug":"educa-edtech-group-lanza-su-primer-brand-manifesto","status":"publish","type":"post","link":"https:\/\/educaedtech.com\/pt\/noticias\/educa-edtech-group-celebra-el-lanzamiento-de-su-primer-brand-manifesto-el-saber-no-necesita-lugar\/","title":{"rendered":"O EDUCA EDTECH Group celebra o lan\u00e7amento do seu primeiro Manifesto da Marca: \"O conhecimento n\u00e3o precisa de lugar\"."},"content":{"rendered":"<p>Por ocasi\u00e3o do seu 20\u00ba anivers\u00e1rio em 2025, <strong>Grupo EDUCA EDTECH<\/strong>, <a href=\"https:\/\/educaedtech.com\/pt\/noticias\/o-grupo-educa-edtech-recebe-o-premio-adispo-de-inovacao-academica-no-seu-10o-aniversario\/\"><strong>grupo tecnol\u00f3gico<\/strong><\/a> - l\u00edder no ensino em linha em Espanha e na Am\u00e9rica Latina, apresenta a sua primeira <strong>Manifesto da marca<\/strong>O novo s\u00edtio Web, uma declara\u00e7\u00e3o inspiradora que refor\u00e7a o seu objetivo de democratizar a educa\u00e7\u00e3o em linha de qualidade. Sob o lema <strong>\"Dizem que o conhecimento n\u00e3o ocupa lugar. N\u00f3s dizemos que o conhecimento n\u00e3o precisa de lugar\".<\/strong>A empresa est\u00e1 a lan\u00e7ar uma ambiciosa campanha de branding que procura ligar as emo\u00e7\u00f5es de milh\u00f5es de estudantes e profissionais.<\/p>\n\n\n\n<figure class=\"wp-block-embed is-type-video is-provider-youtube wp-block-embed-youtube wp-embed-aspect-16-9 wp-has-aspect-ratio\"><div class=\"wp-block-embed__wrapper\">\n<div class=\"ast-oembed-container\" style=\"height: 100%;\"><iframe title=\"EDUCA EDTECH Group | Manifesto da marca 2024\" width=\"500\" height=\"281\" src=\"https:\/\/www.youtube.com\/embed\/7OEejYafdN4?feature=oembed\" frameborder=\"0\" allow=\"accelerometer; autoplay; clipboard-write; encrypted-media; gyroscope; picture-in-picture; web-share\" referrerpolicy=\"strict-origin-when-cross-origin\" allowfullscreen><\/iframe><\/div>\n<\/div><\/figure>\n\n\n\n<p>A pe\u00e7a central desta campanha \u00e9 um v\u00eddeo inspirador que ser\u00e1 lan\u00e7ado em v\u00e1rias plataformas digitais, incluindo redes sociais, meios de comunica\u00e7\u00e3o social e espa\u00e7o publicit\u00e1rio. Este lan\u00e7amento n\u00e3o s\u00f3 assinala um marco na hist\u00f3ria da <strong>Grupo EDUCA EDTECH<\/strong>Lan\u00e7a tamb\u00e9m as bases de uma nova etapa na sua estrat\u00e9gia de comunica\u00e7\u00e3o, mais pr\u00f3xima e mais emocional.<\/p>\n\n\n\n<h2 class=\"wp-block-heading has-medium-font-size\"><strong>20 anos a liderar a transforma\u00e7\u00e3o educativa<\/strong><\/h2>\n\n\n\n<p><br>Desde a sua funda\u00e7\u00e3o, o EDUCA EDTECH Group tem trabalhado para tornar a educa\u00e7\u00e3o online um direito acess\u00edvel. Ao longo de duas d\u00e9cadas, o seu modelo ultrapassou as fronteiras, consolidando-se nos pa\u00edses europeus e alargando-se \u00e0 Am\u00e9rica Latina, com filiais em <strong>M\u00e9xico, Col\u00f4mbia e Peru<\/strong>.<\/p>\n\n\n\n<p>O grupo, que inclui marcas l\u00edderes como <strong>INESEM, Euroinnova, INEAF, Structuralia, Capman, CEUPE, Educa Open, INESALUD e Universidade UDAVINCI.<\/strong>entre outros, continua a posicionar-se como um dos l\u00edderes mundiais em <strong><a href=\"https:\/\/educaedtech.com\/pt\/noticias\/instituicoes-do-grupo-educa-edtech-reconhecidas-no-ranking-mundial\/\">refer\u00eancia na forma\u00e7\u00e3o em linha<\/a> <\/strong>e na inova\u00e7\u00e3o tecnol\u00f3gica educativa.<\/p>\n\n\n\n<h2 class=\"wp-block-heading has-medium-font-size\"><strong>Uma abordagem mais humana e ambiciosa<\/strong><\/h2>\n\n\n\n<p><br>Para <strong>Rafael Garc\u00eda Parrado<\/strong>EDUCA EDTECH Group CEO, este manifesto \u00e9 o reflexo de uma nova dire\u00e7\u00e3o na comunica\u00e7\u00e3o do grupo:<\/p>\n\n\n\n<p><em>\"Era altura de dar um passo em frente e come\u00e7ar a trabalhar a comunica\u00e7\u00e3o e a marca numa perspetiva mais emocional para nos ajudar a estabelecer uma liga\u00e7\u00e3o com os nossos p\u00fablicos, desde pessoas que querem continuar a crescer atrav\u00e9s da educa\u00e7\u00e3o at\u00e9 empresas e institui\u00e7\u00f5es de forma\u00e7\u00e3o que confiam nos nossos conhecimentos, plataformas digitais e inova\u00e7\u00f5es em intelig\u00eancia artificial.<\/em><\/p>\n\n\n\n<p><strong>Jaime Mart\u00edn Mart\u00edn<\/strong>O valor simb\u00f3lico desta declara\u00e7\u00e3o \u00e9 sublinhado pelo Diretor de Comunica\u00e7\u00e3o e Marca:<\/p>\n\n\n\n<p><em>\"Todos estes elementos s\u00e3o tang\u00edveis, mas sentimos que o grupo e as suas marcas precisavam de mudar as suas mensagens para um territ\u00f3rio mais aspiracional e emocional. Este Manifesto da Marca \u00e9 a nossa declara\u00e7\u00e3o de inten\u00e7\u00f5es, o nosso aceno c\u00famplice para os milh\u00f5es de estudantes que confiam em n\u00f3s todos os dias para continuarem a formar-se e a melhorar as suas vidas e carreiras\".<\/em><\/p>\n\n\n\n<p>Com este <strong>Manifesto da marca<\/strong>O EDUCA EDTECH Group est\u00e1 a celebrar duas d\u00e9cadas de<strong> inova\u00e7\u00e3o e lideran\u00e7a<\/strong> na educa\u00e7\u00e3o em linha, reafirmando o seu compromisso com a aprendizagem como uma ferramenta sem fronteiras para transformar vidas e contribuir para o futuro profissional de cada vez mais estudantes.<\/p>\n\n\n\n<p><\/p>","protected":false},"excerpt":{"rendered":"<p>Por ocasi\u00e3o do seu 20\u00ba anivers\u00e1rio em 2025, o EDUCA EDTECH Group, o grupo tecnol\u00f3gico-educativo l\u00edder na forma\u00e7\u00e3o em linha em [...]<\/p>","protected":false},"author":2,"featured_media":6207,"comment_status":"closed","ping_status":"closed","sticky":false,"template":"","format":"standard","meta":{"_acf_changed":false,"site-sidebar-layout":"default","site-content-layout":"","ast-site-content-layout":"","site-content-style":"default","site-sidebar-style":"default","ast-global-header-display":"","ast-banner-title-visibility":"","ast-main-header-display":"","ast-hfb-above-header-display":"","ast-hfb-below-header-display":"","ast-hfb-mobile-header-display":"","site-post-title":"","ast-breadcrumbs-content":"","ast-featured-img":"","footer-sml-layout":"","theme-transparent-header-meta":"","adv-header-id-meta":"","stick-header-meta":"","header-above-stick-meta":"","header-main-stick-meta":"","header-below-stick-meta":"","astra-migrate-meta-layouts":"default","ast-page-background-enabled":"default","ast-page-background-meta":{"desktop":{"background-color":"var(--ast-global-color-4)","background-image":"","background-repeat":"repeat","background-position":"center center","background-size":"auto","background-attachment":"scroll","background-type":"","background-media":"","overlay-type":"","overlay-color":"","overlay-opacity":"","overlay-gradient":""},"tablet":{"background-color":"","background-image":"","background-repeat":"repeat","background-position":"center center","background-size":"auto","background-attachment":"scroll","background-type":"","background-media":"","overlay-type":"","overlay-color":"","overlay-opacity":"","overlay-gradient":""},"mobile":{"background-color":"","background-image":"","background-repeat":"repeat","background-position":"center center","background-size":"auto","background-attachment":"scroll","background-type":"","background-media":"","overlay-type":"","overlay-color":"","overlay-opacity":"","overlay-gradient":""}},"ast-content-background-meta":{"desktop":{"background-color":"var(--ast-global-color-5)","background-image":"","background-repeat":"repeat","background-position":"center center","background-size":"auto","background-attachment":"scroll","background-type":"","background-media":"","overlay-type":"","overlay-color":"","overlay-opacity":"","overlay-gradient":""},"tablet":{"background-color":"var(--ast-global-color-5)","background-image":"","background-repeat":"repeat","background-position":"center center","background-size":"auto","background-attachment":"scroll","background-type":"","background-media":"","overlay-type":"","overlay-color":"","overlay-opacity":"","overlay-gradient":""},"mobile":{"background-color":"var(--ast-global-color-5)","background-image":"","background-repeat":"repeat","background-position":"center center","background-size":"auto","background-attachment":"scroll","background-type":"","background-media":"","overlay-type":"","overlay-color":"","overlay-opacity":"","overlay-gradient":""}},"footnotes":""},"categories":[1],"tags":[],"class_list":["post-6206","post","type-post","status-publish","format-standard","has-post-thumbnail","hentry","category-sin-categoria"],"acf":[],"yoast_head":"<!-- This site is optimized with the Yoast SEO plugin v23.4 - https:\/\/yoast.com\/wordpress\/plugins\/seo\/ -->\n<title>EDUCA EDTECH Group lanza su primer Brand Manifesto<\/title>\n<meta name=\"description\" content=\"Con motivo de su 20 aniversario en 2025, EDUCA EDTECH Group, grupo tecnol\u00f3gico \u2013 educativo, presenta su primer Brand Manifesto\" \/>\n<meta name=\"robots\" content=\"index, follow, max-snippet:-1, max-image-preview:large, max-video-preview:-1\" \/>\n<link rel=\"canonical\" href=\"https:\/\/educaedtech.com\/pt\/noticias\/educa-edtech-group-celebra-el-lanzamiento-de-su-primer-brand-manifesto-el-saber-no-necesita-lugar\/\" \/>\n<meta property=\"og:locale\" content=\"pt_PT\" \/>\n<meta property=\"og:type\" content=\"article\" \/>\n<meta property=\"og:title\" content=\"EDUCA EDTECH Group lanza su primer Brand Manifesto\" \/>\n<meta property=\"og:description\" content=\"Con motivo de su 20 aniversario en 2025, EDUCA EDTECH Group, grupo tecnol\u00f3gico \u2013 educativo, presenta su primer Brand Manifesto\" \/>\n<meta property=\"og:url\" content=\"https:\/\/educaedtech.com\/pt\/noticias\/educa-edtech-group-celebra-el-lanzamiento-de-su-primer-brand-manifesto-el-saber-no-necesita-lugar\/\" \/>\n<meta property=\"og:site_name\" content=\"Grupo EDUCA EDTECH\" \/>\n<meta property=\"article:published_time\" content=\"2024-11-21T15:05:12+00:00\" \/>\n<meta property=\"article:modified_time\" content=\"2024-11-21T15:35:53+00:00\" \/>\n<meta property=\"og:image\" content=\"https:\/\/educaedtech.com\/wp-content\/uploads\/2024\/11\/Together-our-future-is-bright.jpg\" \/>\n\t<meta property=\"og:image:width\" content=\"500\" \/>\n\t<meta property=\"og:image:height\" content=\"250\" \/>\n\t<meta property=\"og:image:type\" content=\"image\/jpeg\" \/>\n<meta name=\"author\" content=\"Bel\u00e9n Torres Ram\u00edrez\" \/>\n<meta name=\"twitter:card\" content=\"summary_large_image\" \/>\n<meta name=\"twitter:label1\" content=\"Escrito por\" \/>\n\t<meta name=\"twitter:data1\" content=\"Bel\u00e9n Torres Ram\u00edrez\" \/>\n\t<meta name=\"twitter:label2\" content=\"Tempo estimado de leitura\" \/>\n\t<meta name=\"twitter:data2\" content=\"3 minutos\" \/>\n<script type=\"application\/ld+json\" class=\"yoast-schema-graph\">{\"@context\":\"https:\/\/schema.org\",\"@graph\":[{\"@type\":\"Article\",\"@id\":\"https:\/\/educaedtech.com\/pt\/noticias\/educa-edtech-group-celebra-el-lanzamiento-de-su-primer-brand-manifesto-el-saber-no-necesita-lugar\/#article\",\"isPartOf\":{\"@id\":\"https:\/\/educaedtech.com\/pt\/noticias\/educa-edtech-group-celebra-el-lanzamiento-de-su-primer-brand-manifesto-el-saber-no-necesita-lugar\/\"},\"author\":{\"name\":\"Bel\u00e9n Torres Ram\u00edrez\",\"@id\":\"https:\/\/educaedtech.com\/pt\/#\/schema\/person\/8364e46cac6b40171c0f1f92ef54b5e1\"},\"headline\":\"EDUCA EDTECH Group celebra el lanzamiento de su primer Brand Manifesto: \u201cEl saber no necesita lugar\u201d\",\"datePublished\":\"2024-11-21T15:05:12+00:00\",\"dateModified\":\"2024-11-21T15:35:53+00:00\",\"mainEntityOfPage\":{\"@id\":\"https:\/\/educaedtech.com\/pt\/noticias\/educa-edtech-group-celebra-el-lanzamiento-de-su-primer-brand-manifesto-el-saber-no-necesita-lugar\/\"},\"wordCount\":506,\"publisher\":{\"@id\":\"https:\/\/educaedtech.com\/pt\/#organization\"},\"image\":{\"@id\":\"https:\/\/educaedtech.com\/pt\/noticias\/educa-edtech-group-celebra-el-lanzamiento-de-su-primer-brand-manifesto-el-saber-no-necesita-lugar\/#primaryimage\"},\"thumbnailUrl\":\"https:\/\/educaedtech.com\/wp-content\/uploads\/2024\/11\/Together-our-future-is-bright.jpg\",\"articleSection\":[\"Sin categor\u00eda\"],\"inLanguage\":\"pt-PT\"},{\"@type\":\"WebPage\",\"@id\":\"https:\/\/educaedtech.com\/pt\/noticias\/educa-edtech-group-celebra-el-lanzamiento-de-su-primer-brand-manifesto-el-saber-no-necesita-lugar\/\",\"url\":\"https:\/\/educaedtech.com\/pt\/noticias\/educa-edtech-group-celebra-el-lanzamiento-de-su-primer-brand-manifesto-el-saber-no-necesita-lugar\/\",\"name\":\"EDUCA EDTECH Group lanza su primer Brand Manifesto\",\"isPartOf\":{\"@id\":\"https:\/\/educaedtech.com\/pt\/#website\"},\"primaryImageOfPage\":{\"@id\":\"https:\/\/educaedtech.com\/pt\/noticias\/educa-edtech-group-celebra-el-lanzamiento-de-su-primer-brand-manifesto-el-saber-no-necesita-lugar\/#primaryimage\"},\"image\":{\"@id\":\"https:\/\/educaedtech.com\/pt\/noticias\/educa-edtech-group-celebra-el-lanzamiento-de-su-primer-brand-manifesto-el-saber-no-necesita-lugar\/#primaryimage\"},\"thumbnailUrl\":\"https:\/\/educaedtech.com\/wp-content\/uploads\/2024\/11\/Together-our-future-is-bright.jpg\",\"datePublished\":\"2024-11-21T15:05:12+00:00\",\"dateModified\":\"2024-11-21T15:35:53+00:00\",\"description\":\"Con motivo de su 20 aniversario en 2025, EDUCA EDTECH Group, grupo tecnol\u00f3gico \u2013 educativo, presenta su primer Brand Manifesto\",\"breadcrumb\":{\"@id\":\"https:\/\/educaedtech.com\/pt\/noticias\/educa-edtech-group-celebra-el-lanzamiento-de-su-primer-brand-manifesto-el-saber-no-necesita-lugar\/#breadcrumb\"},\"inLanguage\":\"pt-PT\",\"potentialAction\":[{\"@type\":\"ReadAction\",\"target\":[\"https:\/\/educaedtech.com\/pt\/noticias\/educa-edtech-group-celebra-el-lanzamiento-de-su-primer-brand-manifesto-el-saber-no-necesita-lugar\/\"]}]},{\"@type\":\"ImageObject\",\"inLanguage\":\"pt-PT\",\"@id\":\"https:\/\/educaedtech.com\/pt\/noticias\/educa-edtech-group-celebra-el-lanzamiento-de-su-primer-brand-manifesto-el-saber-no-necesita-lugar\/#primaryimage\",\"url\":\"https:\/\/educaedtech.com\/wp-content\/uploads\/2024\/11\/Together-our-future-is-bright.jpg\",\"contentUrl\":\"https:\/\/educaedtech.com\/wp-content\/uploads\/2024\/11\/Together-our-future-is-bright.jpg\",\"width\":500,\"height\":250,\"caption\":\"brand manifesto educa edtech group\"},{\"@type\":\"BreadcrumbList\",\"@id\":\"https:\/\/educaedtech.com\/pt\/noticias\/educa-edtech-group-celebra-el-lanzamiento-de-su-primer-brand-manifesto-el-saber-no-necesita-lugar\/#breadcrumb\",\"itemListElement\":[{\"@type\":\"ListItem\",\"position\":1,\"name\":\"Home\",\"item\":\"https:\/\/educaedtech.com\/\"},{\"@type\":\"ListItem\",\"position\":2,\"name\":\"EDUCA EDTECH Group celebra el lanzamiento de su primer Brand Manifesto: \u201cEl saber no necesita lugar\u201d\"}]},{\"@type\":\"WebSite\",\"@id\":\"https:\/\/educaedtech.com\/pt\/#website\",\"url\":\"https:\/\/educaedtech.com\/pt\/\",\"name\":\"Grupo EDUCA EDTECH\",\"description\":\"\",\"publisher\":{\"@id\":\"https:\/\/educaedtech.com\/pt\/#organization\"},\"potentialAction\":[{\"@type\":\"SearchAction\",\"target\":{\"@type\":\"EntryPoint\",\"urlTemplate\":\"https:\/\/educaedtech.com\/pt\/?s={search_term_string}\"},\"query-input\":{\"@type\":\"PropertyValueSpecification\",\"valueRequired\":true,\"valueName\":\"search_term_string\"}}],\"inLanguage\":\"pt-PT\"},{\"@type\":\"Organization\",\"@id\":\"https:\/\/educaedtech.com\/pt\/#organization\",\"name\":\"Grupo EDUCA EDTECH\",\"url\":\"https:\/\/educaedtech.com\/pt\/\",\"logo\":{\"@type\":\"ImageObject\",\"inLanguage\":\"pt-PT\",\"@id\":\"https:\/\/educaedtech.com\/pt\/#\/schema\/logo\/image\/\",\"url\":\"https:\/\/educaedtech.com\/wp-content\/uploads\/2024\/01\/Logo-Educa-Edtech-Group-Blanco.svg\",\"contentUrl\":\"https:\/\/educaedtech.com\/wp-content\/uploads\/2024\/01\/Logo-Educa-Edtech-Group-Blanco.svg\",\"width\":317,\"height\":108,\"caption\":\"Grupo EDUCA EDTECH\"},\"image\":{\"@id\":\"https:\/\/educaedtech.com\/pt\/#\/schema\/logo\/image\/\"}},{\"@type\":\"Person\",\"@id\":\"https:\/\/educaedtech.com\/pt\/#\/schema\/person\/8364e46cac6b40171c0f1f92ef54b5e1\",\"name\":\"Bel\u00e9n Torres Ram\u00edrez\",\"image\":{\"@type\":\"ImageObject\",\"inLanguage\":\"pt-PT\",\"@id\":\"https:\/\/educaedtech.com\/pt\/#\/schema\/person\/image\/\",\"url\":\"https:\/\/secure.gravatar.com\/avatar\/92dc371335872efb592c9888f237fed60aa26a6063206459e62c9b0ace9013ee?s=96&d=mm&r=g\",\"contentUrl\":\"https:\/\/secure.gravatar.com\/avatar\/92dc371335872efb592c9888f237fed60aa26a6063206459e62c9b0ace9013ee?s=96&d=mm&r=g\",\"caption\":\"Bel\u00e9n Torres Ram\u00edrez\"},\"url\":\"https:\/\/educaedtech.com\/pt\/author\/belen-torres\/\"}]}<\/script>\n<!-- \/ Yoast SEO plugin. -->","yoast_head_json":{"title":"EDUCA EDTECH Group lanza su primer Brand Manifesto","description":"Con motivo de su 20 aniversario en 2025, EDUCA EDTECH Group, grupo tecnol\u00f3gico \u2013 educativo, presenta su primer Brand Manifesto","robots":{"index":"index","follow":"follow","max-snippet":"max-snippet:-1","max-image-preview":"max-image-preview:large","max-video-preview":"max-video-preview:-1"},"canonical":"https:\/\/educaedtech.com\/pt\/noticias\/educa-edtech-group-celebra-el-lanzamiento-de-su-primer-brand-manifesto-el-saber-no-necesita-lugar\/","og_locale":"pt_PT","og_type":"article","og_title":"EDUCA EDTECH Group lanza su primer Brand Manifesto","og_description":"Con motivo de su 20 aniversario en 2025, EDUCA EDTECH Group, grupo tecnol\u00f3gico \u2013 educativo, presenta su primer Brand Manifesto","og_url":"https:\/\/educaedtech.com\/pt\/noticias\/educa-edtech-group-celebra-el-lanzamiento-de-su-primer-brand-manifesto-el-saber-no-necesita-lugar\/","og_site_name":"Grupo EDUCA EDTECH","article_published_time":"2024-11-21T15:05:12+00:00","article_modified_time":"2024-11-21T15:35:53+00:00","og_image":[{"width":500,"height":250,"url":"https:\/\/educaedtech.com\/wp-content\/uploads\/2024\/11\/Together-our-future-is-bright.jpg","type":"image\/jpeg"}],"author":"Bel\u00e9n Torres Ram\u00edrez","twitter_card":"summary_large_image","twitter_misc":{"Escrito por":"Bel\u00e9n Torres Ram\u00edrez","Tempo estimado de leitura":"3 minutos"},"schema":{"@context":"https:\/\/schema.org","@graph":[{"@type":"Article","@id":"https:\/\/educaedtech.com\/pt\/noticias\/educa-edtech-group-celebra-el-lanzamiento-de-su-primer-brand-manifesto-el-saber-no-necesita-lugar\/#article","isPartOf":{"@id":"https:\/\/educaedtech.com\/pt\/noticias\/educa-edtech-group-celebra-el-lanzamiento-de-su-primer-brand-manifesto-el-saber-no-necesita-lugar\/"},"author":{"name":"Bel\u00e9n Torres Ram\u00edrez","@id":"https:\/\/educaedtech.com\/pt\/#\/schema\/person\/8364e46cac6b40171c0f1f92ef54b5e1"},"headline":"EDUCA EDTECH Group celebra el lanzamiento de su primer Brand Manifesto: \u201cEl saber no necesita lugar\u201d","datePublished":"2024-11-21T15:05:12+00:00","dateModified":"2024-11-21T15:35:53+00:00","mainEntityOfPage":{"@id":"https:\/\/educaedtech.com\/pt\/noticias\/educa-edtech-group-celebra-el-lanzamiento-de-su-primer-brand-manifesto-el-saber-no-necesita-lugar\/"},"wordCount":506,"publisher":{"@id":"https:\/\/educaedtech.com\/pt\/#organization"},"image":{"@id":"https:\/\/educaedtech.com\/pt\/noticias\/educa-edtech-group-celebra-el-lanzamiento-de-su-primer-brand-manifesto-el-saber-no-necesita-lugar\/#primaryimage"},"thumbnailUrl":"https:\/\/educaedtech.com\/wp-content\/uploads\/2024\/11\/Together-our-future-is-bright.jpg","articleSection":["Sin categor\u00eda"],"inLanguage":"pt-PT"},{"@type":"WebPage","@id":"https:\/\/educaedtech.com\/pt\/noticias\/educa-edtech-group-celebra-el-lanzamiento-de-su-primer-brand-manifesto-el-saber-no-necesita-lugar\/","url":"https:\/\/educaedtech.com\/pt\/noticias\/educa-edtech-group-celebra-el-lanzamiento-de-su-primer-brand-manifesto-el-saber-no-necesita-lugar\/","name":"EDUCA EDTECH Group lanza su primer Brand Manifesto","isPartOf":{"@id":"https:\/\/educaedtech.com\/pt\/#website"},"primaryImageOfPage":{"@id":"https:\/\/educaedtech.com\/pt\/noticias\/educa-edtech-group-celebra-el-lanzamiento-de-su-primer-brand-manifesto-el-saber-no-necesita-lugar\/#primaryimage"},"image":{"@id":"https:\/\/educaedtech.com\/pt\/noticias\/educa-edtech-group-celebra-el-lanzamiento-de-su-primer-brand-manifesto-el-saber-no-necesita-lugar\/#primaryimage"},"thumbnailUrl":"https:\/\/educaedtech.com\/wp-content\/uploads\/2024\/11\/Together-our-future-is-bright.jpg","datePublished":"2024-11-21T15:05:12+00:00","dateModified":"2024-11-21T15:35:53+00:00","description":"Con motivo de su 20 aniversario en 2025, EDUCA EDTECH Group, grupo tecnol\u00f3gico \u2013 educativo, presenta su primer Brand Manifesto","breadcrumb":{"@id":"https:\/\/educaedtech.com\/pt\/noticias\/educa-edtech-group-celebra-el-lanzamiento-de-su-primer-brand-manifesto-el-saber-no-necesita-lugar\/#breadcrumb"},"inLanguage":"pt-PT","potentialAction":[{"@type":"ReadAction","target":["https:\/\/educaedtech.com\/pt\/noticias\/educa-edtech-group-celebra-el-lanzamiento-de-su-primer-brand-manifesto-el-saber-no-necesita-lugar\/"]}]},{"@type":"ImageObject","inLanguage":"pt-PT","@id":"https:\/\/educaedtech.com\/pt\/noticias\/educa-edtech-group-celebra-el-lanzamiento-de-su-primer-brand-manifesto-el-saber-no-necesita-lugar\/#primaryimage","url":"https:\/\/educaedtech.com\/wp-content\/uploads\/2024\/11\/Together-our-future-is-bright.jpg","contentUrl":"https:\/\/educaedtech.com\/wp-content\/uploads\/2024\/11\/Together-our-future-is-bright.jpg","width":500,"height":250,"caption":"brand manifesto educa edtech group"},{"@type":"BreadcrumbList","@id":"https:\/\/educaedtech.com\/pt\/noticias\/educa-edtech-group-celebra-el-lanzamiento-de-su-primer-brand-manifesto-el-saber-no-necesita-lugar\/#breadcrumb","itemListElement":[{"@type":"ListItem","position":1,"name":"Home","item":"https:\/\/educaedtech.com\/"},{"@type":"ListItem","position":2,"name":"EDUCA EDTECH Group celebra el lanzamiento de su primer Brand Manifesto: \u201cEl saber no necesita lugar\u201d"}]},{"@type":"WebSite","@id":"https:\/\/educaedtech.com\/pt\/#website","url":"https:\/\/educaedtech.com\/pt\/","name":"Grupo EDUCA EDTECH","description":"","publisher":{"@id":"https:\/\/educaedtech.com\/pt\/#organization"},"potentialAction":[{"@type":"SearchAction","target":{"@type":"EntryPoint","urlTemplate":"https:\/\/educaedtech.com\/pt\/?s={search_term_string}"},"query-input":{"@type":"PropertyValueSpecification","valueRequired":true,"valueName":"search_term_string"}}],"inLanguage":"pt-PT"},{"@type":"Organization","@id":"https:\/\/educaedtech.com\/pt\/#organization","name":"Grupo EDUCA EDTECH","url":"https:\/\/educaedtech.com\/pt\/","logo":{"@type":"ImageObject","inLanguage":"pt-PT","@id":"https:\/\/educaedtech.com\/pt\/#\/schema\/logo\/image\/","url":"https:\/\/educaedtech.com\/wp-content\/uploads\/2024\/01\/Logo-Educa-Edtech-Group-Blanco.svg","contentUrl":"https:\/\/educaedtech.com\/wp-content\/uploads\/2024\/01\/Logo-Educa-Edtech-Group-Blanco.svg","width":317,"height":108,"caption":"Grupo EDUCA EDTECH"},"image":{"@id":"https:\/\/educaedtech.com\/pt\/#\/schema\/logo\/image\/"}},{"@type":"Person","@id":"https:\/\/educaedtech.com\/pt\/#\/schema\/person\/8364e46cac6b40171c0f1f92ef54b5e1","name":"Bel\u00e9n Torres Ram\u00edrez","image":{"@type":"ImageObject","inLanguage":"pt-PT","@id":"https:\/\/educaedtech.com\/pt\/#\/schema\/person\/image\/","url":"https:\/\/secure.gravatar.com\/avatar\/92dc371335872efb592c9888f237fed60aa26a6063206459e62c9b0ace9013ee?s=96&d=mm&r=g","contentUrl":"https:\/\/secure.gravatar.com\/avatar\/92dc371335872efb592c9888f237fed60aa26a6063206459e62c9b0ace9013ee?s=96&d=mm&r=g","caption":"Bel\u00e9n Torres Ram\u00edrez"},"url":"https:\/\/educaedtech.com\/pt\/author\/belen-torres\/"}]}},"_links":{"self":[{"href":"https:\/\/educaedtech.com\/pt\/wp-json\/wp\/v2\/posts\/6206","targetHints":{"allow":["GET"]}}],"collection":[{"href":"https:\/\/educaedtech.com\/pt\/wp-json\/wp\/v2\/posts"}],"about":[{"href":"https:\/\/educaedtech.com\/pt\/wp-json\/wp\/v2\/types\/post"}],"author":[{"embeddable":true,"href":"https:\/\/educaedtech.com\/pt\/wp-json\/wp\/v2\/users\/2"}],"replies":[{"embeddable":true,"href":"https:\/\/educaedtech.com\/pt\/wp-json\/wp\/v2\/comments?post=6206"}],"version-history":[{"count":1,"href":"https:\/\/educaedtech.com\/pt\/wp-json\/wp\/v2\/posts\/6206\/revisions"}],"predecessor-version":[{"id":6208,"href":"https:\/\/educaedtech.com\/pt\/wp-json\/wp\/v2\/posts\/6206\/revisions\/6208"}],"wp:featuredmedia":[{"embeddable":true,"href":"https:\/\/educaedtech.com\/pt\/wp-json\/wp\/v2\/media\/6207"}],"wp:attachment":[{"href":"https:\/\/educaedtech.com\/pt\/wp-json\/wp\/v2\/media?parent=6206"}],"wp:term":[{"taxonomy":"category","embeddable":true,"href":"https:\/\/educaedtech.com\/pt\/wp-json\/wp\/v2\/categories?post=6206"},{"taxonomy":"post_tag","embeddable":true,"href":"https:\/\/educaedtech.com\/pt\/wp-json\/wp\/v2\/tags?post=6206"}],"curies":[{"name":"wp","href":"https:\/\/api.w.org\/{rel}","templated":true}]}}